{"id":270916,"date":"2025-10-10T16:18:50","date_gmt":"2025-10-10T19:18:50","guid":{"rendered":"https:\/\/portalpopmais.com.br\/?p=270916"},"modified":"2025-10-10T16:20:32","modified_gmt":"2025-10-10T19:20:32","slug":"marisa-monte-lanca-sua-onda-veja-letra","status":"publish","type":"post","link":"https:\/\/portalpopmais.com.br\/en\/marisa-monte-lanca-sua-onda-veja-letra\/","title":{"rendered":"Marisa Monte lan\u00e7a &#8220;Sua Onda&#8221;; veja letra"},"content":{"rendered":"<p class=\"wp-block-paragraph\">A cantora <strong><a href=\"https:\/\/portalpopmais.com.br\/en\/trends\/marisa-monte\/\" data-type=\"post_tag\" data-id=\"8776\">Marisa Monte<\/a><\/strong> lan\u00e7ou uma can\u00e7\u00e3o in\u00e9dita na noite desta quinta-feira, 9. O single <a href=\"https:\/\/youtu.be\/4HQtCyyj-28\" target=\"_blank\" rel=\"noopener\">Sua Onda<\/a> foi disponibilizado nas plataformas digitais pouco mais de uma semana antes da estreia da nova turn\u00ea da cantora, Phonica (veja detalhes mais abaixo).<\/p>\n\n\n\n<p class=\"wp-block-paragraph\">Sua Onda \u00e9 uma composi\u00e7\u00e3o de Marisa Monte com seus parceiros tribalistas e mais constantes, Arnaldo Antunes e Carlinhos Brown &#8211; e \u00e9 mais uma de amor.<\/p>\n\n\n\n<p class=\"wp-block-paragraph\">A produ\u00e7\u00e3o \u00e9 assinada pelo m\u00fasico e produtor argentino Gustavo Santaolalla, ganhador de dois Oscars, ambos de melhor trilha sonora original, por O Segredo de Brokeback Mountain (2005) e Babel (2006). Santaolalla j\u00e1 havia trabalhado com Marisa anteriormente, quando tocou viol\u00e3o na faixa da can\u00e7\u00e3o Ainda Bem.<\/p>\n\n\n\n<figure class=\"wp-block-embed is-type-video is-provider-youtube wp-block-embed-youtube wp-embed-aspect-16-9 wp-has-aspect-ratio\"><div class=\"wp-block-embed__wrapper\">\n<iframe loading=\"lazy\" title=\"Marisa Monte - Sua Onda (Lyric Video)\" width=\"880\" height=\"495\" src=\"https:\/\/www.youtube.com\/embed\/4HQtCyyj-28?feature=oembed\" frameborder=\"0\" allow=\"accelerometer; autoplay; clipboard-write; encrypted-media; gyroscope; picture-in-picture; web-share\" referrerpolicy=\"strict-origin-when-cross-origin\" allowfullscreen><\/iframe>\n<\/div><\/figure>\n\n\n\n<p class=\"wp-block-paragraph\">Em material distribu\u00eddo para a imprensa, a cantora falou sobre como Sua Onda surgiu. &#8220;Nasceu de frente para o mar, no ano passado, no sul da Bahia. Nesta turn\u00ea do Phonica, eu queria ter algo in\u00e9dito e escolhi essa can\u00e7\u00e3o para realizar o antigo desejo de trabalhar mais uma vez com meu amigo Gustavo Santaolalla&#8221;.<\/p>\n\n\n\n<p class=\"wp-block-paragraph\">A nova faixa, ali\u00e1s, j\u00e1 traz o que deve ser a sonoridade da turn\u00ea Phonica, j\u00e1 que conta com participa\u00e7\u00e3o da Budapest Scoring Orchestra nas cordas, regida pelo maestro P\u00e9ter Ille\u00e9nyi.<\/p>\n\n\n\n<p class=\"wp-block-paragraph\">A turn\u00ea Phonica &#8211; Marisa Monte &amp; Orquestra Ao Vivo vai estrear em Belo Horizonte, no pr\u00f3ximo dia 18\/10, com apresenta\u00e7\u00e3o tamb\u00e9m no dia 19. Ela vai trazer can\u00e7\u00f5es de Marisa com tratamento sinf\u00f4nico. Os arranjos ser\u00e3o do maestro brasileiro Andr\u00e9 Bachur.<\/p>\n\n\n\n<p class=\"wp-block-paragraph\">Em um v\u00eddeo postado nas redes sociais, Marisa disse que a turn\u00ea tamb\u00e9m \u00e9 uma &#8220;revis\u00e3o de sua carreira&#8221;. &#8220;Estou muito feliz de poder ampliar meu repert\u00f3rio&#8221;, disse a cantora.<\/p>\n\n\n\n<p class=\"wp-block-paragraph\"><strong>Phonica<\/strong>\u00a0&#8211; Marisa Monte &amp; Orquestra Ao Vivo tamb\u00e9m vai passar por Rio de Janeiro, S\u00e3o Paulo, Curitiba, Bras\u00edlia e Porto Alegre. Os ingressos est\u00e3o \u00e0 venda pela Tickets For Fun.<\/p>\n\n\n\n<h3 class=\"wp-block-heading\">Letra Sua Onda &#8211; Marisa Monte<\/h3>\n\n\n\n<p class=\"wp-block-paragraph\">Lavei a alma pra come\u00e7ar<br>Nadei na \u00e1gua, pisei no ch\u00e3o<br>No meu caminho, cruzei deserto<br>De peito aberto, na contram\u00e3o<\/p>\n\n\n\n<p class=\"wp-block-paragraph\">Mirei o mar, respirei o ar<br>J\u00e1 conversei com meu cora\u00e7\u00e3o<br>N\u00e3o tem por que n\u00e3o dar certo<br>Se o universo pode caber num gr\u00e3o<\/p>\n\n\n\n<p class=\"wp-block-paragraph\">Eu s\u00f3 quero ver, eu s\u00f3 quero dar<br>Eu s\u00f3 quero ir, voc\u00ea vai me levar<br>Eu s\u00f3 quero bem, eu s\u00f3 quero crer<br>Eu s\u00f3 quero ser a sua onda<br>Eu s\u00f3 quero ver, eu s\u00f3 quero dar<br>Eu s\u00f3 quero ir, o amor vai me levar<br>Deixa sacudir, deixa balan\u00e7ar<br>Eu s\u00f3 quero ser a sua onda<\/p>\n\n\n\n<p class=\"wp-block-paragraph\">Lavei a alma pra come\u00e7ar<br>Nadei na \u00e1gua, pisei no ch\u00e3o<br>No meu caminho, cruzei deserto<br>De peito aberto, na contram\u00e3o<\/p>\n\n\n\n<p class=\"wp-block-paragraph\">Mirei o mar, respirei o ar<br>J\u00e1 conversei com meu cora\u00e7\u00e3o<br>N\u00e3o tem por que n\u00e3o dar certo<br>Se o universo pode caber num gr\u00e3o<\/p>\n\n\n\n<p class=\"wp-block-paragraph\">Eu s\u00f3 quero ver, eu s\u00f3 quero dar<br>Eu s\u00f3 quero ir, voc\u00ea vai me levar<br>Eu s\u00f3 quero bem, eu s\u00f3 quero crer<br>Eu s\u00f3 quero ser a sua onda<br>Eu s\u00f3 quero ver, eu s\u00f3 quero dar<br>Eu s\u00f3 quero ir, o amor vai me levar<br>Deixa sacudir, deixa balan\u00e7ar<br>Eu s\u00f3 quero ser a sua onda<\/p>\n\n\n\n<p class=\"wp-block-paragraph\">Eu s\u00f3 quero ver, eu s\u00f3 quero dar<br>Eu s\u00f3 quero ir, voc\u00ea vai me levar<br>Eu s\u00f3 quero bem, eu s\u00f3 quero crer<br>Eu s\u00f3 quero ser a sua onda<br>Eu s\u00f3 quero ver, eu s\u00f3 quero dar<br>Eu s\u00f3 quero ir, o amor vai me levar<br>Deixa sacudir, deixa balan\u00e7ar<br>Eu s\u00f3 quero ser a sua onda<\/p>\n\n\n\n<p class=\"wp-block-paragraph\"><em>Com informa\u00e7\u00f5es do Estad\u00e3o Conte\u00fado<\/em><\/p>","protected":false},"excerpt":{"rendered":"<p>A cantora Marisa Monte lan\u00e7ou uma can\u00e7\u00e3o in\u00e9dita na noite desta quinta-feira, 9. O single Sua Onda foi disponibilizado nas plataformas digitais pouco mais de uma semana antes da estreia da nova turn\u00ea da cantora, Phonica (veja detalhes mais abaixo). Sua Onda \u00e9 uma composi\u00e7\u00e3o de Marisa Monte com seus parceiros tribalistas e mais constantes, [&hellip;]<\/p>\n","protected":false},"author":2,"featured_media":245161,"comment_status":"closed","ping_status":"closed","sticky":false,"template":"","format":"standard","meta":{"footnotes":""},"categories":[154],"tags":[8776],"class_list":["post-270916","post","type-post","status-publish","format-standard","has-post-thumbnail","hentry","category-musica","tag-marisa-monte"],"_links":{"self":[{"href":"https:\/\/portalpopmais.com.br\/en\/wp-json\/wp\/v2\/posts\/270916","targetHints":{"allow":["GET"]}}],"collection":[{"href":"https:\/\/portalpopmais.com.br\/en\/wp-json\/wp\/v2\/posts"}],"about":[{"href":"https:\/\/portalpopmais.com.br\/en\/wp-json\/wp\/v2\/types\/post"}],"author":[{"embeddable":true,"href":"https:\/\/portalpopmais.com.br\/en\/wp-json\/wp\/v2\/users\/2"}],"replies":[{"embeddable":true,"href":"https:\/\/portalpopmais.com.br\/en\/wp-json\/wp\/v2\/comments?post=270916"}],"version-history":[{"count":0,"href":"https:\/\/portalpopmais.com.br\/en\/wp-json\/wp\/v2\/posts\/270916\/revisions"}],"wp:featuredmedia":[{"embeddable":true,"href":"https:\/\/portalpopmais.com.br\/en\/wp-json\/wp\/v2\/media\/245161"}],"wp:attachment":[{"href":"https:\/\/portalpopmais.com.br\/en\/wp-json\/wp\/v2\/media?parent=270916"}],"wp:term":[{"taxonomy":"category","embeddable":true,"href":"https:\/\/portalpopmais.com.br\/en\/wp-json\/wp\/v2\/categories?post=270916"},{"taxonomy":"post_tag","embeddable":true,"href":"https:\/\/portalpopmais.com.br\/en\/wp-json\/wp\/v2\/tags?post=270916"}],"curies":[{"name":"wp","href":"https:\/\/api.w.org\/{rel}","templated":true}]}}