{"id":271005,"date":"2025-10-11T10:38:50","date_gmt":"2025-10-11T13:38:50","guid":{"rendered":"https:\/\/portalpopmais.com.br\/?p=271005"},"modified":"2025-10-11T10:38:53","modified_gmt":"2025-10-11T13:38:53","slug":"maria-lina-processa-piada-sobre-filho-whindersson-nunes","status":"publish","type":"post","link":"https:\/\/portalpopmais.com.br\/en\/maria-lina-processa-piada-sobre-filho-whindersson-nunes\/","title":{"rendered":"Maria Lina anuncia processo contra autores de piada sobre morte do filho com Whindersson Nunes; veja v\u00eddeo"},"content":{"rendered":"<p>A influenciadora <strong>Maria Lina<\/strong>, de 27 anos, anunciou que <strong>vai processar os autores de uma piada ofensiva envolvendo a morte de seu filho<\/strong> com o humorista <strong>Whindersson Nunes<\/strong>, de 30. O beb\u00ea, <strong>Jo\u00e3o Miguel<\/strong>, nasceu prematuro e faleceu em maio de 2021, com apenas dois dias de vida.<\/p>\n\n\n\n<ul class=\"wp-block-list\">\n<li><strong>Veja tamb\u00e9m: <\/strong><a href=\"https:\/\/portalpopmais.com.br\/en\/maria-lina-comenta-morte-filho\/\">Maria Lina desabafa sobre morte do filho: \u201cDinheiro n\u00e3o foi capaz de salvar\u201d<\/a><\/li>\n<\/ul>\n\n\n\n<p>O an\u00fancio foi feito nas redes sociais na \u00faltima sexta-feira (10), ap\u00f3s um v\u00eddeo circular na internet mostrando participantes de um programa comparando Maria Lina a uma moto, afirmando que ela seria \u201cruim de levar crian\u00e7a\u201d \u2014 em alus\u00e3o \u00e0 perda do filho.<\/p>\n\n\n<div class=\"wp-block-image\">\n<figure class=\"aligncenter size-large\"><img loading=\"lazy\" decoding=\"async\" width=\"1080\" height=\"694\" src=\"https:\/\/portalpopmais.com.br\/wp-content\/uploads\/2025\/10\/image-237-1080x694.png\" alt=\"\" class=\"wp-image-271006\" title=\"\"><figcaption class=\"wp-element-caption\">Maria Lina e Whindersson Nunes \/ Foto &#8211; Reprodu\u00e7\u00e3o<br><\/figcaption><\/figure>\n<\/div>\n\n\n<p>Indignada, a influenciadora compartilhou o v\u00eddeo e deixou claro que <strong>n\u00e3o vai tolerar piadas envolvendo o nome de seu filho<\/strong>. \u201cSe tivessem falado do meu corpo, da minha apar\u00eancia, tudo certo. Liberdade de express\u00e3o. Mas espero que o advogado dos quatro a\u00ed sejam t\u00e3o bons quanto os meus. Falou, vai ter que segurar\u201d, disparou.<\/p>\n\n\n\n<p><a href=\"https:\/\/www.instagram.com\/marialdgg\/?hl=pt-br\" target=\"_blank\" rel=\"noopener\">Maria<\/a> destacou que j\u00e1 venceu outros processos por situa\u00e7\u00f5es semelhantes e refor\u00e7ou que apenas ela e Whindersson t\u00eam o direito de falar sobre Jo\u00e3o Miguel. \u201cEu nunca perdi um processo de quem falou do meu filho. Enquanto eu tiver vida e condi\u00e7\u00f5es, vou lutar pela honra do meu filho\u201d, declarou.<\/p>\n\n\n\n<h3 class=\"wp-block-heading\"><strong>\u201cN\u00e3o aceito piadas sobre meu filho\u201d<\/strong><\/h3>\n\n\n\n<p>A influenciadora tamb\u00e9m comentou que coment\u00e1rios sobre sua apar\u00eancia ou comportamento n\u00e3o a abalam, mas que o limite \u00e9 ultrapassado quando envolve a mem\u00f3ria de Jo\u00e3o Miguel.<\/p>\n\n\n\n<p>\u201cVoc\u00eas nunca v\u00e3o me ver processando ningu\u00e9m porque disse que eu n\u00e3o sou bonita ou sou chata. Agora, quando fala de algo que \u00e9 imut\u00e1vel&#8230; pesquisem o que \u00e9 vilip\u00eandio\u201d, afirmou, referindo-se ao crime de ofensa \u00e0 mem\u00f3ria de algu\u00e9m falecido.<\/p>\n\n\n\n<h3 class=\"wp-block-heading\"><strong>Ataques n\u00e3o s\u00e3o casos isolados<\/strong><\/h3>\n\n\n\n<p>Maria Lina revelou ainda que esse tipo de ofensa j\u00e1 havia ocorrido antes \u2014 inclusive em apresenta\u00e7\u00f5es ao vivo. \u201cEles ainda v\u00e3o na minha cidade, onde minha fam\u00edlia mora, fazer piada sobre a minha perda\u201d, lamentou.<\/p>\n\n\n\n<p>Uma seguidora confirmou o relato: \u201cJ\u00e1 fui em um show aqui em Blumenau onde fizeram piada da sua perda. Eu, como m\u00e3e, n\u00e3o achei nada legal. Se fosse com minha filha, eu ficaria arrasada.\u201d<\/p>\n\n\n\n<p>Por fim, Maria refor\u00e7ou que, apesar dos ataques, seguir\u00e1 em busca de justi\u00e7a e respeito. \u201cA \u00fanica pessoa que pode honrar a vida do meu filho sou eu e o pai dele. Vou lutar por isso at\u00e9 o fim\u201d, concluiu.<\/p>\n\n\n\n<figure class=\"wp-block-embed is-type-rich is-provider-twitter wp-block-embed-twitter\"><div class=\"wp-block-embed__wrapper\">\n<blockquote class=\"twitter-tweet\" data-width=\"550\" data-dnt=\"true\"><p lang=\"pt\" dir=\"ltr\">Maria Lina anuncia processo contra autores de piada sobre morte do filho com Whindersson Nunes <a href=\"https:\/\/t.co\/YTxDNhojmx\">pic.twitter.com\/YTxDNhojmx<\/a><\/p>&mdash; Portal POP Mais (@sitepopmais) <a href=\"https:\/\/twitter.com\/sitepopmais\/status\/1977005636778098915?ref_src=twsrc%5Etfw\" target=\"_blank\" rel=\"noopener\">October 11, 2025<\/a><\/blockquote><script async src=\"https:\/\/platform.twitter.com\/widgets.js\" charset=\"utf-8\"><\/script>\n<\/div><\/figure>","protected":false},"excerpt":{"rendered":"<p>Influenciadora se revolta com v\u00eddeo que faz piada sobre seu beb\u00ea falecido e promete a\u00e7\u00e3o judicial: \u201cFalou, vai ter que segurar\u201d<\/p>","protected":false},"author":1,"featured_media":243234,"comment_status":"closed","ping_status":"closed","sticky":false,"template":"","format":"standard","meta":{"footnotes":""},"categories":[2293],"tags":[18550,8164],"class_list":["post-271005","post","type-post","status-publish","format-standard","has-post-thumbnail","hentry","category-internet","tag-destaque","tag-maria-lina"],"_links":{"self":[{"href":"https:\/\/portalpopmais.com.br\/en\/wp-json\/wp\/v2\/posts\/271005","targetHints":{"allow":["GET"]}}],"collection":[{"href":"https:\/\/portalpopmais.com.br\/en\/wp-json\/wp\/v2\/posts"}],"about":[{"href":"https:\/\/portalpopmais.com.br\/en\/wp-json\/wp\/v2\/types\/post"}],"author":[{"embeddable":true,"href":"https:\/\/portalpopmais.com.br\/en\/wp-json\/wp\/v2\/users\/1"}],"replies":[{"embeddable":true,"href":"https:\/\/portalpopmais.com.br\/en\/wp-json\/wp\/v2\/comments?post=271005"}],"version-history":[{"count":0,"href":"https:\/\/portalpopmais.com.br\/en\/wp-json\/wp\/v2\/posts\/271005\/revisions"}],"wp:featuredmedia":[{"embeddable":true,"href":"https:\/\/portalpopmais.com.br\/en\/wp-json\/wp\/v2\/media\/243234"}],"wp:attachment":[{"href":"https:\/\/portalpopmais.com.br\/en\/wp-json\/wp\/v2\/media?parent=271005"}],"wp:term":[{"taxonomy":"category","embeddable":true,"href":"https:\/\/portalpopmais.com.br\/en\/wp-json\/wp\/v2\/categories?post=271005"},{"taxonomy":"post_tag","embeddable":true,"href":"https:\/\/portalpopmais.com.br\/en\/wp-json\/wp\/v2\/tags?post=271005"}],"curies":[{"name":"wp","href":"https:\/\/api.w.org\/{rel}","templated":true}]}}