{"id":271098,"date":"2025-10-12T08:00:00","date_gmt":"2025-10-12T11:00:00","guid":{"rendered":"https:\/\/portalpopmais.com.br\/?p=271098"},"modified":"2025-10-12T00:17:18","modified_gmt":"2025-10-12T03:17:18","slug":"chris-flores-estreia-no-melhor-da-tarde-nesta-segunda-feira-13","status":"publish","type":"post","link":"https:\/\/portalpopmais.com.br\/en\/chris-flores-estreia-no-melhor-da-tarde-nesta-segunda-feira-13\/","title":{"rendered":"Chris Flores estreia no \u201cMelhor da Tarde\u201d nesta segunda-feira, 13"},"content":{"rendered":"<p>A partir desta segunda-feira (13), Chris Flores estreia na tela da Band como uma das apresentadoras do <em>Melhor da Tarde<\/em>, ao lado de Leo Dias e JP Vergueiro. O programa, que conta ainda com os coment\u00e1rios de Thiago Pasqualotto, vai ao ar de segunda a sexta-feira, \u00e0s 14h30.<\/p>\n\n\n\n<p>Ap\u00f3s dois anos afastada da televis\u00e3o, Chris retorna com entusiasmo. \u201cEstava tranquila, focada na qualifica\u00e7\u00e3o do meu mestrado em Hist\u00f3ria, quando recebi a liga\u00e7\u00e3o do Leo Dias. Temos uma hist\u00f3ria de mais de 20 anos de amizade e parceria. Trabalhamos juntos na revista <em>Contigo!<\/em>, quando ele era rep\u00f3rter da se\u00e7\u00e3o &#8216;Flagra&#8217; e eu atuava como editora. Ele brinca que eu era sua chefe\u201d, relembra, com bom humor. \u201cDesde ent\u00e3o, nos cruzamos muitas vezes e sempre houve muita sintonia e respeito entre n\u00f3s.\u201d<\/p>\n\n\n\n<p>A decis\u00e3o de aceitar o convite veio rapidamente. \u201cA Band \u00e9 uma emissora que valoriza o conte\u00fado e tem responsabilidade com a informa\u00e7\u00e3o, seja para o leitor, ouvinte ou telespectador. \u00c9 aqui que os debates eleitorais se iniciam, e isso diz muito sobre a credibilidade da casa. Esses valores est\u00e3o muito alinhados com os meus\u201d, afirma a jornalista.<\/p>\n\n\n\n<p>Chris tamb\u00e9m comemora a oportunidade de estar mais pr\u00f3xima do p\u00fablico nessa nova fase profissional. \u201cO hor\u00e1rio da tarde tem uma audi\u00eancia feminina forte, que respeito profundamente. Tenho uma troca linda com esse p\u00fablico, at\u00e9 mesmo nas ruas. Estou especialmente feliz por contar com uma plateia ao vivo \u2014 adoro esse contato direto, o olho no olho, a participa\u00e7\u00e3o. Prometo me dedicar 100%, como sempre fiz.\u201d<\/p>","protected":false},"excerpt":{"rendered":"<p>A partir desta segunda-feira (13), Chris Flores estreia na tela da Band como uma das apresentadoras do Melhor da Tarde, ao lado de Leo Dias e JP Vergueiro. O programa, que conta ainda com os coment\u00e1rios de Thiago Pasqualotto, vai ao ar de segunda a sexta-feira, \u00e0s 14h30. Ap\u00f3s dois anos afastada da televis\u00e3o, Chris [&hellip;]<\/p>\n","protected":false},"author":1,"featured_media":271099,"comment_status":"closed","ping_status":"closed","sticky":false,"template":"","format":"standard","meta":{"footnotes":""},"categories":[181],"tags":[4023,18550],"class_list":["post-271098","post","type-post","status-publish","format-standard","has-post-thumbnail","hentry","category-televisao","tag-chris-flores","tag-destaque"],"_links":{"self":[{"href":"https:\/\/portalpopmais.com.br\/en\/wp-json\/wp\/v2\/posts\/271098","targetHints":{"allow":["GET"]}}],"collection":[{"href":"https:\/\/portalpopmais.com.br\/en\/wp-json\/wp\/v2\/posts"}],"about":[{"href":"https:\/\/portalpopmais.com.br\/en\/wp-json\/wp\/v2\/types\/post"}],"author":[{"embeddable":true,"href":"https:\/\/portalpopmais.com.br\/en\/wp-json\/wp\/v2\/users\/1"}],"replies":[{"embeddable":true,"href":"https:\/\/portalpopmais.com.br\/en\/wp-json\/wp\/v2\/comments?post=271098"}],"version-history":[{"count":0,"href":"https:\/\/portalpopmais.com.br\/en\/wp-json\/wp\/v2\/posts\/271098\/revisions"}],"wp:featuredmedia":[{"embeddable":true,"href":"https:\/\/portalpopmais.com.br\/en\/wp-json\/wp\/v2\/media\/271099"}],"wp:attachment":[{"href":"https:\/\/portalpopmais.com.br\/en\/wp-json\/wp\/v2\/media?parent=271098"}],"wp:term":[{"taxonomy":"category","embeddable":true,"href":"https:\/\/portalpopmais.com.br\/en\/wp-json\/wp\/v2\/categories?post=271098"},{"taxonomy":"post_tag","embeddable":true,"href":"https:\/\/portalpopmais.com.br\/en\/wp-json\/wp\/v2\/tags?post=271098"}],"curies":[{"name":"wp","href":"https:\/\/api.w.org\/{rel}","templated":true}]}}