{"id":271396,"date":"2025-10-14T09:24:39","date_gmt":"2025-10-14T12:24:39","guid":{"rendered":"https:\/\/portalpopmais.com.br\/?p=271396"},"modified":"2025-10-14T09:25:09","modified_gmt":"2025-10-14T12:25:09","slug":"libertado-apos-dois-anos-refem-israelense-obrigado-a-cavar-a-propria-sepultura-reencontra-os-pais-em-hospital","status":"publish","type":"post","link":"https:\/\/portalpopmais.com.br\/en\/libertado-apos-dois-anos-refem-israelense-obrigado-a-cavar-a-propria-sepultura-reencontra-os-pais-em-hospital\/","title":{"rendered":"Libertado ap\u00f3s dois anos, ref\u00e9m israelense obrigado a cavar a pr\u00f3pria sepultura reencontra os pais em hospital"},"content":{"rendered":"<p>Dois anos ap\u00f3s ser sequestrado pelo Hamas durante o ataque ao festival de m\u00fasica Nova, no sul de Israel, o jovem Evyatar David, de 24 anos, viveu um reencontro emocionante com os pais nesta segunda-feira (13), em um hospital no centro do pa\u00eds. Ele foi libertado junto com outros 19 ref\u00e9ns como parte de um acordo de cessar-fogo mediado pelos Estados Unidos entre Israel e o grupo extremista.<\/p>\n\n\n\n<p>Evyatar se tornou s\u00edmbolo da dor dos ref\u00e9ns israelenses ap\u00f3s aparecer em um v\u00eddeo divulgado pelo Hamas em agosto deste ano. No registro, visivelmente desnutrido e abatido, ele cava uma sepultura em um t\u00fanel de Gaza e diz, com a voz fraca: <em>\u201cEsta \u00e9 a sepultura em que acho que serei enterrado. O tempo est\u00e1 acabando.\u201d<\/em> A imagem correu o mundo e gerou como\u00e7\u00e3o internacional.<\/p>\n\n\n\n<p>Nesta segunda, o cen\u00e1rio era outro. Nas imagens divulgadas ap\u00f3s sua liberta\u00e7\u00e3o, o jovem aparece sorrindo, ainda em choque, com as m\u00e3os sobre a cabe\u00e7a antes de abra\u00e7ar os pais, Avishai e Galia, entre l\u00e1grimas. O reencontro ocorreu em um hospital, onde ele est\u00e1 sob cuidados m\u00e9dicos.<\/p>\n\n\n\n<p>&#8220;Mal podemos esperar para abra\u00e7\u00e1-lo, senti-lo e respirar com ele novamente&#8221;, havia dito o pai, Avishai David, em entrevista \u00e0 emissora Channel 12, poucos dias antes da liberta\u00e7\u00e3o do filho.<\/p>\n\n\n\n<figure class=\"wp-block-embed is-type-rich is-provider-twitter wp-block-embed-twitter\"><div class=\"wp-block-embed__wrapper\">\n<blockquote class=\"twitter-tweet\" data-width=\"550\" data-dnt=\"true\"><p lang=\"en\" dir=\"ltr\">Evyatar David was reunited with his family and told them, \u201ceverything is okay already.\u201d <br><br>His immense strength and determination are apparent, representing that of Am Yisrael. \ud83d\udc99\ud83c\uddee\ud83c\uddf1<br><br>May Evyatar begin his healing journey after the most horrific, unimaginable, 2-year-long period of\u2026 <a href=\"https:\/\/t.co\/NBjhMZo9bO\">pic.twitter.com\/NBjhMZo9bO<\/a><\/p>&mdash; Maccabee Task Force (@MacTaskForce) <a href=\"https:\/\/twitter.com\/MacTaskForce\/status\/1977757912500973705?ref_src=twsrc%5Etfw\" target=\"_blank\" rel=\"noopener\">October 13, 2025<\/a><\/blockquote><script async src=\"https:\/\/platform.twitter.com\/widgets.js\" charset=\"utf-8\"><\/script>\n<\/div><\/figure>\n\n\n\n<h3 class=\"wp-block-heading\">Amigos relembram o dia do sequestro<\/h3>\n\n\n\n<p>Al\u00e9m da fam\u00edlia, amigos que serviram com Evyatar na Marinha israelense acompanharam com emo\u00e7\u00e3o a not\u00edcia de sua volta. Omer Levi e Guy Melamed, que mant\u00eam amizade com ele desde a juventude, contaram ao <em>The Jerusalem Post<\/em> como viveram, \u00e0 dist\u00e2ncia, o trauma do sequestro.<\/p>\n\n\n\n<p>\u201cNo come\u00e7o achamos que ele ainda estava em Israel, talvez escondido em um abrigo. Mas meia hora depois, vimos um v\u00eddeo dele sendo levado pelas ruas de Gaza. Foi quando entendemos que era tarde demais\u201d, lembra Melamed, referindo-se ao dia 7 de outubro de 2023, quando o Hamas realizou o ataque surpresa ao sul de Israel, matando civis e sequestrando dezenas de pessoas.<\/p>\n\n\n\n<p>Omer Levi descreveu o impacto emocional de ver o v\u00eddeo do amigo em agosto: \u201cFoi como uma moeda de dois lados. Por um lado, era um sinal de que ele ainda estava vivo. Por outro, era claro que o tempo dele estava acabando.\u201d<\/p>\n\n\n\n<p>\u201c\u00c9 uma sensa\u00e7\u00e3o horr\u00edvel. Voc\u00ea come\u00e7a a se sentir culpado por estar vivendo normalmente enquanto ele est\u00e1 em t\u00faneis em Gaza\u201d, completou Melamed.<\/p>\n\n\n\n<h3 class=\"wp-block-heading\">Um s\u00edmbolo da resist\u00eancia e da dor<\/h3>\n\n\n\n<p>Evyatar se tornou um dos rostos mais marcantes do sofrimento enfrentado por dezenas de ref\u00e9ns israelenses mantidos em cativeiro pelo Hamas desde o ataque de 2023. Sua imagem cavando a pr\u00f3pria sepultura virou um s\u00edmbolo da brutalidade da guerra e da urg\u00eancia por acordos humanit\u00e1rios.<\/p>\n\n\n\n<p>Agora, livre, ele inicia um longo processo de recupera\u00e7\u00e3o f\u00edsica e emocional. Mas seu abra\u00e7o nos pais, dois anos depois do terror, j\u00e1 representa um al\u00edvio \u2013 e um vislumbre de esperan\u00e7a \u2013 para uma na\u00e7\u00e3o ainda marcada pela dor.<\/p>","protected":false},"excerpt":{"rendered":"<p>Dois anos ap\u00f3s ser sequestrado pelo Hamas durante o ataque ao festival de m\u00fasica Nova, no sul de Israel, o jovem Evyatar David, de 24 anos, viveu um reencontro emocionante com os pais nesta segunda-feira (13), em um hospital no centro do pa\u00eds. Ele foi libertado junto com outros 19 ref\u00e9ns como parte de um [&hellip;]<\/p>\n","protected":false},"author":2,"featured_media":271395,"comment_status":"closed","ping_status":"closed","sticky":false,"template":"","format":"standard","meta":{"footnotes":""},"categories":[2165],"tags":[10436],"class_list":["post-271396","post","type-post","status-publish","format-standard","has-post-thumbnail","hentry","category-noticias","tag-viral"],"_links":{"self":[{"href":"https:\/\/portalpopmais.com.br\/en\/wp-json\/wp\/v2\/posts\/271396","targetHints":{"allow":["GET"]}}],"collection":[{"href":"https:\/\/portalpopmais.com.br\/en\/wp-json\/wp\/v2\/posts"}],"about":[{"href":"https:\/\/portalpopmais.com.br\/en\/wp-json\/wp\/v2\/types\/post"}],"author":[{"embeddable":true,"href":"https:\/\/portalpopmais.com.br\/en\/wp-json\/wp\/v2\/users\/2"}],"replies":[{"embeddable":true,"href":"https:\/\/portalpopmais.com.br\/en\/wp-json\/wp\/v2\/comments?post=271396"}],"version-history":[{"count":0,"href":"https:\/\/portalpopmais.com.br\/en\/wp-json\/wp\/v2\/posts\/271396\/revisions"}],"wp:featuredmedia":[{"embeddable":true,"href":"https:\/\/portalpopmais.com.br\/en\/wp-json\/wp\/v2\/media\/271395"}],"wp:attachment":[{"href":"https:\/\/portalpopmais.com.br\/en\/wp-json\/wp\/v2\/media?parent=271396"}],"wp:term":[{"taxonomy":"category","embeddable":true,"href":"https:\/\/portalpopmais.com.br\/en\/wp-json\/wp\/v2\/categories?post=271396"},{"taxonomy":"post_tag","embeddable":true,"href":"https:\/\/portalpopmais.com.br\/en\/wp-json\/wp\/v2\/tags?post=271396"}],"curies":[{"name":"wp","href":"https:\/\/api.w.org\/{rel}","templated":true}]}}