{"id":271881,"date":"2025-10-16T18:58:19","date_gmt":"2025-10-16T21:58:19","guid":{"rendered":"https:\/\/portalpopmais.com.br\/?p=271881"},"modified":"2025-10-18T08:39:15","modified_gmt":"2025-10-18T11:39:15","slug":"letra-ainda-nao-te-amo-thiago-pantaleao","status":"publish","type":"post","link":"https:\/\/portalpopmais.com.br\/en\/letra-ainda-nao-te-amo-thiago-pantaleao\/","title":{"rendered":"Letra &#8220;Ainda N\u00e3o Te Amo&#8221; &#8211; Thiago Pantale\u00e3o"},"content":{"rendered":"<p>O cantor e compositor Thiago Pantale\u00e3o lan\u00e7a, neste dia 17 de outubro, a faixa &#8220;Ainda N\u00e3o Te Amo&#8221;, pela Som Livre. Artista em ascens\u00e3o na cena pop e R&amp;B, Thiago tem se destacado por sua presen\u00e7a marcante e engajamento art\u00edstico.<\/p>\n\n\n\n<p>A nova m\u00fasica, que tamb\u00e9m ganha um visualizer, explora a complexidade de um sentimento ambivalente, que transita entre desejo e cuidado emocional e traz a perspectiva de querer algu\u00e9m sem se entregar totalmente: valorizando o momento, mas sabendo que o amor ainda n\u00e3o est\u00e1 nos planos.<\/p>\n\n\n\n<h3 class=\"wp-block-heading\">Letra Ainda N\u00e3o Te Amo &#8211; Thiago Pantale\u00e3o <\/h3>\n\n\n\n<p>Ainda n\u00e3o te amo<br>N\u00e3o est\u00e1 nos meus planos<br>S\u00f3 n\u00e3o quero ficar sem voc\u00ea<br>Te quero mais, nem tanto<\/p>\n\n\n\n<p>Voc\u00ea me faz t\u00e3o bem<br>Mas n\u00e3o o suficiente<br>E se eu t\u00f4 com algu\u00e9m<br>Eu s\u00f3 lembro da gente<\/p>\n\n\n\n<figure class=\"wp-block-embed is-type-video is-provider-youtube wp-block-embed-youtube wp-embed-aspect-16-9 wp-has-aspect-ratio\"><div class=\"wp-block-embed__wrapper\">\n<iframe loading=\"lazy\" title=\"Thiago Pantale\u00e3o - Ainda N\u00e3o Te Amo (Lyric Video)\" width=\"880\" height=\"495\" src=\"https:\/\/www.youtube.com\/embed\/rwPOOuegVRg?feature=oembed\" frameborder=\"0\" allow=\"accelerometer; autoplay; clipboard-write; encrypted-media; gyroscope; picture-in-picture; web-share\" referrerpolicy=\"strict-origin-when-cross-origin\" allowfullscreen><\/iframe>\n<\/div><\/figure>\n\n\n\n<p>E se falar demais<br>Sobre n\u00f3s dois<br>N\u00e3o vou mais querer<br>Muito estranho,<br>isso n\u00e3o ser mais sobre voc\u00ea<\/p>\n\n\n\n<p>Tem tudo que me faz ficar<br>Mas \u00e9 t\u00e3o f\u00e1cil achar um fim<br>Talvez seja melhor assim<br>Melhor voc\u00ea correr de mim<\/p>\n\n\n\n<p>Se eu mentir, te der uma raz\u00e3o<br>Pra n\u00e3o sentir as l\u00e1grimas no ch\u00e3o<br>Que n\u00e3o me fazem mais querer ficar<br>Al\u00e9m de te fazer feliz nessa ilus\u00e3o<\/p>\n\n\n\n<p>Ainda n\u00e3o te amo<br>N\u00e3o est\u00e1 nos meus planos<br>S\u00f3 n\u00e3o quero ficar sem voc\u00ea<br>Te quero mais, nem tanto<\/p>\n\n\n\n<p>Ainda n\u00e3o te amo<br>N\u00e3o est\u00e1 nos meus planos<br>S\u00f3 n\u00e3o quero ficar sem voc\u00ea<br>Te quero mais, nem tanto<\/p>\n\n\n\n<p>Agora a culpa<br>\u00c9 minha sina<br>A nossa m\u00fasica<br>N\u00e3o tem mais vida<\/p>\n\n\n\n<p>(2x)<br>Ainda n\u00e3o te amo<br>N\u00e3o est\u00e1 nos meus planos<br>S\u00f3 n\u00e3o quero ficar sem voc\u00ea<br>Te quero mais, nem tanto<\/p>","protected":false},"excerpt":{"rendered":"<p>O cantor e compositor Thiago Pantale\u00e3o lan\u00e7a, neste dia 17 de outubro, a faixa &#8220;Ainda N\u00e3o Te Amo&#8221;, pela Som Livre. Artista em ascens\u00e3o na cena pop e R&amp;B, Thiago tem se destacado por sua presen\u00e7a marcante e engajamento art\u00edstico. A nova m\u00fasica, que tamb\u00e9m ganha um visualizer, explora a complexidade de um sentimento ambivalente, [&hellip;]<\/p>\n","protected":false},"author":1,"featured_media":223977,"comment_status":"closed","ping_status":"closed","sticky":false,"template":"","format":"standard","meta":{"footnotes":""},"categories":[154],"tags":[10062],"class_list":["post-271881","post","type-post","status-publish","format-standard","has-post-thumbnail","hentry","category-musica","tag-thiago-pantaleao"],"_links":{"self":[{"href":"https:\/\/portalpopmais.com.br\/en\/wp-json\/wp\/v2\/posts\/271881","targetHints":{"allow":["GET"]}}],"collection":[{"href":"https:\/\/portalpopmais.com.br\/en\/wp-json\/wp\/v2\/posts"}],"about":[{"href":"https:\/\/portalpopmais.com.br\/en\/wp-json\/wp\/v2\/types\/post"}],"author":[{"embeddable":true,"href":"https:\/\/portalpopmais.com.br\/en\/wp-json\/wp\/v2\/users\/1"}],"replies":[{"embeddable":true,"href":"https:\/\/portalpopmais.com.br\/en\/wp-json\/wp\/v2\/comments?post=271881"}],"version-history":[{"count":0,"href":"https:\/\/portalpopmais.com.br\/en\/wp-json\/wp\/v2\/posts\/271881\/revisions"}],"wp:featuredmedia":[{"embeddable":true,"href":"https:\/\/portalpopmais.com.br\/en\/wp-json\/wp\/v2\/media\/223977"}],"wp:attachment":[{"href":"https:\/\/portalpopmais.com.br\/en\/wp-json\/wp\/v2\/media?parent=271881"}],"wp:term":[{"taxonomy":"category","embeddable":true,"href":"https:\/\/portalpopmais.com.br\/en\/wp-json\/wp\/v2\/categories?post=271881"},{"taxonomy":"post_tag","embeddable":true,"href":"https:\/\/portalpopmais.com.br\/en\/wp-json\/wp\/v2\/tags?post=271881"}],"curies":[{"name":"wp","href":"https:\/\/api.w.org\/{rel}","templated":true}]}}