{"id":272205,"date":"2025-10-18T11:03:10","date_gmt":"2025-10-18T14:03:10","guid":{"rendered":"https:\/\/portalpopmais.com.br\/?p=272205"},"modified":"2025-10-18T11:03:13","modified_gmt":"2025-10-18T14:03:13","slug":"brasileira-faz-historia-ao-se-tornar-a-primeira-mulher-a-entrar-de-moto-no-afeganistao","status":"publish","type":"post","link":"https:\/\/portalpopmais.com.br\/en\/brasileira-faz-historia-ao-se-tornar-a-primeira-mulher-a-entrar-de-moto-no-afeganistao\/","title":{"rendered":"Brasileira faz hist\u00f3ria ao se tornar a primeira mulher a entrar de moto no Afeganist\u00e3o"},"content":{"rendered":"\n<p>A brasileira <strong>Fernanda Santos<\/strong>, de 28 anos, naturalizada espanhola, conquistou um feito in\u00e9dito: tornou-se <strong>a primeira mulher a entrar de moto no Afeganist\u00e3o<\/strong>, conforme registros em v\u00eddeo divulgados nas redes sociais. A fa\u00e7anha foi realizada ao lado do marido, o espanhol <strong>Vicente Barber\u00e1<\/strong>, de 63 anos, com quem viaja pelo mundo sobre duas rodas.<\/p>\n\n\n\n<p>Os v\u00eddeos publicados no YouTube mostram Fernanda pilotando pelos desertos do Afeganist\u00e3o e montando acampamentos ao ar livre, em um pa\u00eds onde as <strong>mulheres s\u00e3o proibidas de dirigir e t\u00eam seus direitos severamente restringidos<\/strong>. A ousadia da brasileira chamou aten\u00e7\u00e3o por desafiar as normas impostas pelo regime do Talib\u00e3, que pro\u00edbe as afeg\u00e3s de exercer diversas atividades, frequentar parques e at\u00e9 estudar ap\u00f3s a sexta s\u00e9rie.<\/p>\n\n\n<div class=\"wp-block-image\">\n<figure class=\"aligncenter size-large\"><img loading=\"lazy\" decoding=\"async\" width=\"1000\" height=\"694\" src=\"https:\/\/portalpopmais.com.br\/wp-content\/uploads\/2025\/10\/image-325-1000x694.png\" alt=\"\" class=\"wp-image-272208\" title=\"\" srcset=\"https:\/\/portalpopmais.com.br\/wp-content\/uploads\/2025\/10\/image-325-1000x694.png 1000w, https:\/\/portalpopmais.com.br\/wp-content\/uploads\/2025\/10\/image-325-16x12.png 16w\" sizes=\"auto, (max-width: 1000px) 100vw, 1000px\" \/><figcaption class=\"wp-element-caption\">Fernanda Santos no Laos, pa\u00eds do Sudeste Asi\u00e1tico \u2014 Foto: Reprodu\u00e7\u00e3o\/Instagram<br><\/figcaption><\/figure>\n<\/div>\n\n\n<p>Durante a jornada, o casal viveu momentos de tens\u00e3o. Em um dos epis\u00f3dios relatados por Vicente, eles foram abordados por um membro do Talib\u00e3 armado com um peda\u00e7o de pau e obrigados a deixar o local. Em outra ocasi\u00e3o, foram <strong>detidos em um posto de controle<\/strong>, separados e interrogados por milicianos, temendo n\u00e3o conseguir seguir viagem. Ap\u00f3s a libera\u00e7\u00e3o, presenciaram os destro\u00e7os de um carro que havia sido bombardeado.<\/p>\n\n\n\n<p>\u201cHoje foi intenso, como todos os dias no Afeganist\u00e3o. Paramos para comer e um membro do Talib\u00e3 mandou a gente ir embora\u201d, relatou Vicente em um dos v\u00eddeos.<\/p>\n\n\n\n<p>A ONU j\u00e1 alertou em relat\u00f3rio que o <strong>regime talib\u00e3 restringe severamente a liberdade das mulheres<\/strong>, impedindo-as de trabalhar, estudar, praticar esportes e at\u00e9 visitar locais p\u00fablicos.<\/p>\n\n\n\n<figure class=\"wp-block-embed is-type-video is-provider-youtube wp-block-embed-youtube wp-embed-aspect-16-9 wp-has-aspect-ratio\"><div class=\"wp-block-embed__wrapper\">\n<iframe loading=\"lazy\" title=\"[#284]NOS SALTAMOS UN CONTROL TALIB\u00c1N y nos PERSIGUEN.-Vuelta al mundo en moto\" width=\"880\" height=\"495\" src=\"https:\/\/www.youtube.com\/embed\/2jdNbxcAuaE?feature=oembed\" frameborder=\"0\" allow=\"accelerometer; autoplay; clipboard-write; encrypted-media; gyroscope; picture-in-picture; web-share\" referrerpolicy=\"strict-origin-when-cross-origin\" allowfullscreen><\/iframe>\n<\/div><\/figure>\n\n\n\n<h3 class=\"wp-block-heading\">Um passado marcado pela viol\u00eancia<\/h3>\n\n\n\n<p>A viagem de Fernanda e Vicente \u00e9 marcada por supera\u00e7\u00e3o. Em 2024, durante passagem pela \u00cdndia, o casal foi v\u00edtima de um <strong>ataque brutal no estado de Jharkhand<\/strong>, onde Fernanda sofreu <strong>estupro coletivo<\/strong>. Vicente foi espancado com um capacete e uma pedra, ficando gravemente ferido. Sete suspeitos foram identificados, mas apenas tr\u00eas chegaram a ser julgados.<\/p>\n\n\n\n<p>Apesar do trauma, Fernanda recebeu uma <strong>indeniza\u00e7\u00e3o de um milh\u00e3o de r\u00fapias indianas (cerca de R$ 61 mil)<\/strong> do governo local e decidiu continuar a jornada.<\/p>\n\n\n\n<p>\u201cTivemos uma segunda chance. Foi dif\u00edcil, sim, mas ainda respiramos. Seguir em frente \u00e9 nossa forma de n\u00e3o deixar o mal vencer\u201d, declarou o casal nas redes sociais.<\/p>\n\n\n\n<p>Em <strong>sete anos de estrada<\/strong>, Fernanda e Vicente j\u00e1 percorreram <strong>240 mil quil\u00f4metros<\/strong> e visitaram <strong>73 pa\u00edses<\/strong>, levando consigo uma mensagem de coragem, amor e resist\u00eancia \u2014 agora marcada pela entrada hist\u00f3rica da brasileira no Afeganist\u00e3o.<\/p>\n\n\n<div class=\"wp-block-image\">\n<figure class=\"aligncenter size-full\"><img loading=\"lazy\" decoding=\"async\" width=\"1000\" height=\"618\" src=\"https:\/\/portalpopmais.com.br\/wp-content\/uploads\/2025\/10\/image-323.png\" alt=\"\" class=\"wp-image-272206\" title=\"\" srcset=\"https:\/\/portalpopmais.com.br\/wp-content\/uploads\/2025\/10\/image-323.png 1000w, https:\/\/portalpopmais.com.br\/wp-content\/uploads\/2025\/10\/image-323-768x475.png 768w, https:\/\/portalpopmais.com.br\/wp-content\/uploads\/2025\/10\/image-323-18x12.png 18w\" sizes=\"auto, (max-width: 1000px) 100vw, 1000px\" \/><figcaption class=\"wp-element-caption\">Fernanda chora com a tens\u00e3o vivida durante acampamento em deserto no Afeganist\u00e3o \u2014 Foto: Reprodu\u00e7\u00e3o\/YouTube<br><\/figcaption><\/figure>\n<\/div>\n\n<div class=\"wp-block-image\">\n<figure class=\"aligncenter size-full\"><img loading=\"lazy\" decoding=\"async\" width=\"1000\" height=\"593\" src=\"https:\/\/portalpopmais.com.br\/wp-content\/uploads\/2025\/10\/image-324.png\" alt=\"\" class=\"wp-image-272207\" title=\"\" srcset=\"https:\/\/portalpopmais.com.br\/wp-content\/uploads\/2025\/10\/image-324.png 1000w, https:\/\/portalpopmais.com.br\/wp-content\/uploads\/2025\/10\/image-324-768x455.png 768w, https:\/\/portalpopmais.com.br\/wp-content\/uploads\/2025\/10\/image-324-18x12.png 18w\" sizes=\"auto, (max-width: 1000px) 100vw, 1000px\" \/><figcaption class=\"wp-element-caption\">Fernanda Santos em posto de controle do Talib\u00e3 no Afeganist\u00e3o \u2014 Foto: Reprodu\u00e7\u00e3o\/YouTube<br><\/figcaption><\/figure>\n<\/div>","protected":false},"excerpt":{"rendered":"<p>A brasileira Fernanda Santos, de 28 anos, naturalizada espanhola, conquistou um feito in\u00e9dito: tornou-se a primeira mulher a entrar de moto no Afeganist\u00e3o, conforme registros em v\u00eddeo divulgados nas redes sociais. A fa\u00e7anha foi realizada ao lado do marido, o espanhol Vicente Barber\u00e1, de 63 anos, com quem viaja pelo mundo sobre duas rodas. Os [&hellip;]<\/p>\n","protected":false},"author":1,"featured_media":272209,"comment_status":"closed","ping_status":"closed","sticky":false,"template":"","format":"standard","meta":{"footnotes":""},"categories":[18707],"tags":[10436,354],"class_list":["post-272205","post","type-post","status-publish","format-standard","has-post-thumbnail","hentry","category-viral","tag-viral","tag-youtube"],"_links":{"self":[{"href":"https:\/\/portalpopmais.com.br\/en\/wp-json\/wp\/v2\/posts\/272205","targetHints":{"allow":["GET"]}}],"collection":[{"href":"https:\/\/portalpopmais.com.br\/en\/wp-json\/wp\/v2\/posts"}],"about":[{"href":"https:\/\/portalpopmais.com.br\/en\/wp-json\/wp\/v2\/types\/post"}],"author":[{"embeddable":true,"href":"https:\/\/portalpopmais.com.br\/en\/wp-json\/wp\/v2\/users\/1"}],"replies":[{"embeddable":true,"href":"https:\/\/portalpopmais.com.br\/en\/wp-json\/wp\/v2\/comments?post=272205"}],"version-history":[{"count":0,"href":"https:\/\/portalpopmais.com.br\/en\/wp-json\/wp\/v2\/posts\/272205\/revisions"}],"wp:featuredmedia":[{"embeddable":true,"href":"https:\/\/portalpopmais.com.br\/en\/wp-json\/wp\/v2\/media\/272209"}],"wp:attachment":[{"href":"https:\/\/portalpopmais.com.br\/en\/wp-json\/wp\/v2\/media?parent=272205"}],"wp:term":[{"taxonomy":"category","embeddable":true,"href":"https:\/\/portalpopmais.com.br\/en\/wp-json\/wp\/v2\/categories?post=272205"},{"taxonomy":"post_tag","embeddable":true,"href":"https:\/\/portalpopmais.com.br\/en\/wp-json\/wp\/v2\/tags?post=272205"}],"curies":[{"name":"wp","href":"https:\/\/api.w.org\/{rel}","templated":true}]}}