{"id":272736,"date":"2025-10-23T15:58:03","date_gmt":"2025-10-23T18:58:03","guid":{"rendered":"https:\/\/portalpopmais.com.br\/?p=272736"},"modified":"2025-10-23T15:58:06","modified_gmt":"2025-10-23T18:58:06","slug":"judy-lanca-novo-single-juste-pour-tentendre-uma-jornada-emocional-pela-musica-francesa-contemporanea","status":"publish","type":"post","link":"https:\/\/portalpopmais.com.br\/en\/judy-lanca-novo-single-juste-pour-tentendre-uma-jornada-emocional-pela-musica-francesa-contemporanea\/","title":{"rendered":"JUDY lan\u00e7a novo single \u201cJuste pour t\u2019entendre\u201d \u2014 uma jornada emocional pela m\u00fasica francesa contempor\u00e2nea"},"content":{"rendered":"<p>A cantora <strong>JUDY<\/strong>, uma das novas vozes mais promissoras da cena pop francesa, apresenta seu mais recente single, <strong>\u201cJuste pour t\u2019entendre\u201d<\/strong>, uma can\u00e7\u00e3o eletro-pop que mescla emo\u00e7\u00e3o, sutileza e intensidade.<\/p>\n\n\n\n<p>Natural de <strong>Saint-Rapha\u00ebl<\/strong>, no sul da Fran\u00e7a, JUDY canta desde sempre. Ap\u00f3s sua trajet\u00f3ria em um grupo local, ela construiu uma presen\u00e7a de palco marcante e uma voz aut\u00eantica, conquistando admiradores por sua sensibilidade e for\u00e7a art\u00edstica.<\/p>\n\n\n\n<p>Seu universo musical navega entre o <strong>pop rock<\/strong> e a <strong>eletro-pop<\/strong>, com composi\u00e7\u00f5es que refletem humanidade e liberdade. Depois do sucesso de seu primeiro single, <strong>\u201cMon \u00c9toile\u201d<\/strong>, lan\u00e7ado em abril de 2025, JUDY aprofunda sua express\u00e3o art\u00edstica com esta nova faixa.<\/p>\n\n\n\n<figure class=\"wp-block-embed is-type-rich is-provider-spotify wp-block-embed-spotify wp-embed-aspect-21-9 wp-has-aspect-ratio\"><div class=\"wp-block-embed__wrapper\">\n<iframe title=\"Spotify Embed: Juste pour t&amp;apos;entendre\" style=\"border-radius: 12px\" width=\"100%\" height=\"152\" frameborder=\"0\" allowfullscreen allow=\"autoplay; clipboard-write; encrypted-media; fullscreen; picture-in-picture\" loading=\"lazy\" src=\"https:\/\/open.spotify.com\/embed\/track\/1orc2nmZXjXAon4f1eR9k0?si=e63e775d4c474d3c&#038;utm_source=oembed\"><\/iframe>\n<\/div><\/figure>\n\n\n\n<h3 class=\"wp-block-heading\">Sobre \u201cJuste pour t\u2019entendre\u201d<\/h3>\n\n\n\n<p>A m\u00fasica fala sobre <strong>a espera silenciosa de um amor vivido nas sombras<\/strong>, onde a aus\u00eancia se transforma em melodia e a saudade em esperan\u00e7a. Entre <strong>melancolia e luz<\/strong>, JUDY convida o p\u00fablico a sentir \u201co que resta quando as palavras se apagam e s\u00f3 a m\u00fasica continua falando\u201d.<\/p>\n\n\n\n<p>\u201cMesmo sem trocar olhares, ainda existe essa necessidade vital de uma voz, de um sopro, de uma presen\u00e7a que continua a fazer o cora\u00e7\u00e3o vibrar\u201d, explica a artista.<\/p>\n\n\n\n<p>O single tem <strong>dura\u00e7\u00e3o de 2 minutos e 53 segundos<\/strong>, \u00e9 assinado por <strong>S\u00e9bastien Michel (autor)<\/strong> e <strong>R\u00e9my Bailet (compositor)<\/strong>, e est\u00e1 dispon\u00edvel em todas as plataformas digitais \u2014 <strong>Spotify, Deezer, Apple Music, YouTube<\/strong>, entre outras \u2014 desde <strong>10 de outubro de 2025<\/strong>.<\/p>\n\n\n\n<p>Com esse lan\u00e7amento, JUDY reafirma sua identidade art\u00edstica: <strong>uma voz \u00fanica, sens\u00edvel e livre<\/strong>, que fala diretamente ao cora\u00e7\u00e3o. Um terceiro single j\u00e1 est\u00e1 em produ\u00e7\u00e3o, prometendo expandir ainda mais o universo sonoro da cantora.<\/p>\n\n\n\n<p>\u201cA espera vira can\u00e7\u00e3o, o sil\u00eancio se transforma em voz.\u201d \u2014 JUDY<\/p>\n\n\n\n<p>\ud83d\udcf1 <strong>Siga JUDY:<\/strong> <a href=\"https:\/\/www.instagram.com\/judymusicfr\" target=\"_blank\" rel=\"noopener\">@judymusicfr<\/a><\/p>","protected":false},"excerpt":{"rendered":"<p>A cantora JUDY, uma das novas vozes mais promissoras da cena pop francesa, apresenta seu mais recente single, \u201cJuste pour t\u2019entendre\u201d, uma can\u00e7\u00e3o eletro-pop que mescla emo\u00e7\u00e3o, sutileza e intensidade. Natural de Saint-Rapha\u00ebl, no sul da Fran\u00e7a, JUDY canta desde sempre. Ap\u00f3s sua trajet\u00f3ria em um grupo local, ela construiu uma presen\u00e7a de palco marcante [&hellip;]<\/p>\n","protected":false},"author":1,"featured_media":272727,"comment_status":"closed","ping_status":"closed","sticky":false,"template":"","format":"standard","meta":{"footnotes":""},"categories":[11936,154],"tags":[19828],"class_list":["post-272736","post","type-post","status-publish","format-standard","has-post-thumbnail","hentry","category-groover","category-musica","tag-judy"],"_links":{"self":[{"href":"https:\/\/portalpopmais.com.br\/en\/wp-json\/wp\/v2\/posts\/272736","targetHints":{"allow":["GET"]}}],"collection":[{"href":"https:\/\/portalpopmais.com.br\/en\/wp-json\/wp\/v2\/posts"}],"about":[{"href":"https:\/\/portalpopmais.com.br\/en\/wp-json\/wp\/v2\/types\/post"}],"author":[{"embeddable":true,"href":"https:\/\/portalpopmais.com.br\/en\/wp-json\/wp\/v2\/users\/1"}],"replies":[{"embeddable":true,"href":"https:\/\/portalpopmais.com.br\/en\/wp-json\/wp\/v2\/comments?post=272736"}],"version-history":[{"count":0,"href":"https:\/\/portalpopmais.com.br\/en\/wp-json\/wp\/v2\/posts\/272736\/revisions"}],"wp:featuredmedia":[{"embeddable":true,"href":"https:\/\/portalpopmais.com.br\/en\/wp-json\/wp\/v2\/media\/272727"}],"wp:attachment":[{"href":"https:\/\/portalpopmais.com.br\/en\/wp-json\/wp\/v2\/media?parent=272736"}],"wp:term":[{"taxonomy":"category","embeddable":true,"href":"https:\/\/portalpopmais.com.br\/en\/wp-json\/wp\/v2\/categories?post=272736"},{"taxonomy":"post_tag","embeddable":true,"href":"https:\/\/portalpopmais.com.br\/en\/wp-json\/wp\/v2\/tags?post=272736"}],"curies":[{"name":"wp","href":"https:\/\/api.w.org\/{rel}","templated":true}]}}