{"id":273487,"date":"2025-10-31T10:33:10","date_gmt":"2025-10-31T13:33:10","guid":{"rendered":"https:\/\/portalpopmais.com.br\/?p=273487"},"modified":"2025-10-31T10:33:12","modified_gmt":"2025-10-31T13:33:12","slug":"gabriel-gabriel-lanca-na-medida-seu-aguardado-album-solo-que-celebra-a-diversidade-da-mpb-contemporanea","status":"publish","type":"post","link":"https:\/\/portalpopmais.com.br\/en\/gabriel-gabriel-lanca-na-medida-seu-aguardado-album-solo-que-celebra-a-diversidade-da-mpb-contemporanea\/","title":{"rendered":"Gabriel Gabriel lan\u00e7a \u201cNa Medida\u201d, seu aguardado \u00e1lbum solo que celebra a diversidade da MPB contempor\u00e2nea"},"content":{"rendered":"<p>O cantor, compositor, multi-instrumentista e arranjador <strong><a href=\"https:\/\/www.instagram.com\/gabrielgabrielgg\/\" target=\"_blank\" rel=\"noopener\">Gabriel Gabriel<\/a><\/strong> acaba de lan\u00e7ar seu t\u00e3o esperado \u00e1lbum de estreia, <strong>\u201cNa Medida\u201d<\/strong>, um trabalho que consolida sua trajet\u00f3ria musical com uma sonoridade vibrante e diversa dentro da <strong>M\u00fasica Popular Brasileira (MPB)<\/strong>.<\/p>\n\n\n\n<p>Com uma carreira j\u00e1 marcada por colabora\u00e7\u00f5es com \u00edcones como <strong>Gilberto Gil<\/strong>, <strong>Jo\u00e3o Bosco<\/strong> e <strong>Mestrinho<\/strong>, al\u00e9m de apresenta\u00e7\u00f5es em grandes festivais nacionais e internacionais, Gabriel agora assume o protagonismo em um projeto que reflete maturidade art\u00edstica e uma identidade musical \u00fanica.<\/p>\n\n\n\n<p>O disco, composto por <strong>11 faixas autorais<\/strong>, transita com naturalidade entre o lirismo e a cr\u00edtica social. Suas influ\u00eancias v\u00e3o de <strong>O Rappa<\/strong> a <strong>Jo\u00e3o Bosco<\/strong>, resultando em uma fus\u00e3o de <strong>reggae, ijex\u00e1, blues, soul e groove<\/strong> \u2014 uma s\u00edntese rica da diversidade sonora brasileira. As primeiras faixas trazem uma sonoridade densa, com reflex\u00f5es sobre <strong>medo, desigualdade e manipula\u00e7\u00e3o<\/strong>, remetendo \u00e0 for\u00e7a de bandas como <strong>Na\u00e7\u00e3o Zumbi<\/strong> e <strong>O Rappa<\/strong>.<\/p>\n\n\n\n<figure class=\"wp-block-embed is-type-rich is-provider-spotify wp-block-embed-spotify wp-embed-aspect-21-9 wp-has-aspect-ratio\"><div class=\"wp-block-embed__wrapper\">\n<iframe title=\"Spotify Embed: Na Medida\" style=\"border-radius: 12px\" width=\"100%\" height=\"352\" frameborder=\"0\" allowfullscreen allow=\"autoplay; clipboard-write; encrypted-media; fullscreen; picture-in-picture\" loading=\"lazy\" src=\"https:\/\/open.spotify.com\/embed\/album\/6DKTQrBtOSeko1biRMetbx?si=i9bklCt2Td-Qwp5i9w-U6w&#038;nd=1&#038;dlsi=f98fed99e45c47fe&#038;utm_source=oembed\"><\/iframe>\n<\/div><\/figure>\n\n\n\n<p>Entre os destaques, est\u00e1 a can\u00e7\u00e3o <strong>\u201cTempo Vai\u201d<\/strong>, composta durante o desafio <strong>\u201c40 M\u00fasicas em 40 Dias\u201d<\/strong>, criado por Gabriel no in\u00edcio da pandemia e que serviu de base para boa parte do repert\u00f3rio do \u00e1lbum. Outra faixa marcante \u00e9 <strong>\u201cRainha do Mar\u201d<\/strong>, parceria com <strong>Xandy Carvalho<\/strong>, que homenageia <strong>Iemanj\u00e1<\/strong> em ritmo de ijex\u00e1 e exalta o poder da cultura popular. J\u00e1 em <strong>\u201cPalavras Perdidas\u201d<\/strong>, Gabriel mergulha em um <strong>blues introspectivo<\/strong>, revelando uma camada mais emocional do trabalho.<\/p>\n\n\n\n<p>A releitura de <strong>\u201cRonco da Cu\u00edca\u201d<\/strong>, tributo a <strong>Aldir Blanc<\/strong> e <strong>Jo\u00e3o Bosco<\/strong>, conta com a participa\u00e7\u00e3o especial de <strong>Pedro Lu\u00eds<\/strong>, ampliando o di\u00e1logo entre tradi\u00e7\u00e3o e contemporaneidade. O \u00e1lbum se encerra com <strong>\u201cAmor de Irm\u00e3o\u201d<\/strong>, uma faixa b\u00f4nus dedicada ao irm\u00e3o do artista, que encerra o disco de forma \u00edntima e afetuosa.<\/p>\n\n\n\n<p>Buscando novas parcerias e oportunidades para levar seu trabalho aos maiores festivais do Brasil e do mundo, Gabriel Gabriel reafirma, com \u201cNa Medida\u201d, seu compromisso com a riqueza e a pluralidade da m\u00fasica brasileira.<\/p>","protected":false},"excerpt":{"rendered":"<p>O cantor, compositor, multi-instrumentista e arranjador Gabriel Gabriel acaba de lan\u00e7ar seu t\u00e3o esperado \u00e1lbum de estreia, \u201cNa Medida\u201d, um trabalho que consolida sua trajet\u00f3ria musical com uma sonoridade vibrante e diversa dentro da M\u00fasica Popular Brasileira (MPB). Com uma carreira j\u00e1 marcada por colabora\u00e7\u00f5es com \u00edcones como Gilberto Gil, Jo\u00e3o Bosco e Mestrinho, al\u00e9m [&hellip;]<\/p>\n","protected":false},"author":1,"featured_media":273488,"comment_status":"closed","ping_status":"closed","sticky":false,"template":"","format":"standard","meta":{"footnotes":""},"categories":[11936,154],"tags":[19872],"class_list":["post-273487","post","type-post","status-publish","format-standard","has-post-thumbnail","hentry","category-groover","category-musica","tag-gabriel-gabriel"],"_links":{"self":[{"href":"https:\/\/portalpopmais.com.br\/en\/wp-json\/wp\/v2\/posts\/273487","targetHints":{"allow":["GET"]}}],"collection":[{"href":"https:\/\/portalpopmais.com.br\/en\/wp-json\/wp\/v2\/posts"}],"about":[{"href":"https:\/\/portalpopmais.com.br\/en\/wp-json\/wp\/v2\/types\/post"}],"author":[{"embeddable":true,"href":"https:\/\/portalpopmais.com.br\/en\/wp-json\/wp\/v2\/users\/1"}],"replies":[{"embeddable":true,"href":"https:\/\/portalpopmais.com.br\/en\/wp-json\/wp\/v2\/comments?post=273487"}],"version-history":[{"count":0,"href":"https:\/\/portalpopmais.com.br\/en\/wp-json\/wp\/v2\/posts\/273487\/revisions"}],"wp:featuredmedia":[{"embeddable":true,"href":"https:\/\/portalpopmais.com.br\/en\/wp-json\/wp\/v2\/media\/273488"}],"wp:attachment":[{"href":"https:\/\/portalpopmais.com.br\/en\/wp-json\/wp\/v2\/media?parent=273487"}],"wp:term":[{"taxonomy":"category","embeddable":true,"href":"https:\/\/portalpopmais.com.br\/en\/wp-json\/wp\/v2\/categories?post=273487"},{"taxonomy":"post_tag","embeddable":true,"href":"https:\/\/portalpopmais.com.br\/en\/wp-json\/wp\/v2\/tags?post=273487"}],"curies":[{"name":"wp","href":"https:\/\/api.w.org\/{rel}","templated":true}]}}