{"id":273728,"date":"2025-11-03T11:36:13","date_gmt":"2025-11-03T14:36:13","guid":{"rendered":"https:\/\/portalpopmais.com.br\/?p=273728"},"modified":"2025-11-03T11:36:16","modified_gmt":"2025-11-03T14:36:16","slug":"mc-mirella-processa-coach-famoso-e-o-acusa-de-usar-sua-imagem-para-promover-cursos","status":"publish","type":"post","link":"https:\/\/portalpopmais.com.br\/en\/mc-mirella-processa-coach-famoso-e-o-acusa-de-usar-sua-imagem-para-promover-cursos\/","title":{"rendered":"MC Mirella processa coach famoso e o acusa de usar sua imagem para promover cursos"},"content":{"rendered":"<p class=\"wp-block-paragraph\">MC Mirella iniciou mais uma disputa judicial. Ap\u00f3s a\u00e7\u00f5es movidas contra grandes empresas, a cantora agora volta sua aten\u00e7\u00e3o para um conhecido coach e influenciador digital.<\/p>\n\n\n\n<h3 class=\"wp-block-heading\">Entenda o caso<\/h3>\n\n\n\n<p class=\"wp-block-paragraph\">Em setembro, Mirella entrou com um processo contra <strong>Paulo S\u00e9rgio Vieira da Silva<\/strong>, que possui mais de seis milh\u00f5es de seguidores nas redes sociais. O motivo foi uma publica\u00e7\u00e3o feita por ele utilizando, sem autoriza\u00e7\u00e3o, a imagem da artista.<\/p>\n\n\n<div class=\"wp-block-image\">\n<figure class=\"aligncenter size-full\"><img loading=\"lazy\" decoding=\"async\" width=\"1200\" height=\"678\" src=\"https:\/\/portalpopmais.com.br\/wp-content\/uploads\/2021\/05\/MC-Mirella-2-1.jpg\" alt=\"mc mirella\" class=\"wp-image-82316\" title=\"\"><figcaption class=\"wp-element-caption\">A cantora MC Mirella &#8211; Imagem: Reprodu\u00e7\u00e3o<\/figcaption><\/figure>\n<\/div>\n\n\n<p class=\"wp-block-paragraph\">Na postagem, o coach comparava a carreira da funkeira com a de uma m\u00e9dica, o que a cantora considerou ofensivo e depreciativo. Segundo o processo, o texto do influenciador insinuava que Mirella teria alcan\u00e7ado sucesso e riqueza apenas por \u201crebolar por 15 segundos\u201d, enquanto a m\u00e9dica, mesmo com boa forma\u00e7\u00e3o, teria um sal\u00e1rio inferior.<\/p>\n\n\n\n<h3 class=\"wp-block-heading\">Acusa\u00e7\u00f5es e pedidos<\/h3>\n\n\n\n<p class=\"wp-block-paragraph\">A defesa da cantora alega que o coach agiu com a inten\u00e7\u00e3o clara de ridiculariz\u00e1-la e desmerecer sua trajet\u00f3ria art\u00edstica. Al\u00e9m disso, sustenta que ele teria usado sua imagem como estrat\u00e9gia de marketing para promover seus cursos e aumentar o engajamento em suas redes, obtendo vantagem comercial indevida.<\/p>\n\n\n\n<p class=\"wp-block-paragraph\">Mirella tamb\u00e9m apresentou outro exemplo de conduta semelhante, mostrando uma publica\u00e7\u00e3o anterior de Paulo S\u00e9rgio em que ele teria utilizado a imagem de outra influenciadora, <strong>Virginia Fonseca<\/strong>, sem autoriza\u00e7\u00e3o.<\/p>\n\n\n\n<p class=\"wp-block-paragraph\">A artista pede que o coach seja obrigado a se retratar publicamente por meio de suas redes sociais e solicita uma indeniza\u00e7\u00e3o de <strong>R$ 30 mil<\/strong> pelos danos morais e preju\u00edzos \u00e0 sua imagem.<\/p>\n\n\n\n<p class=\"wp-block-paragraph\">O processo segue em andamento na Justi\u00e7a.<\/p>","protected":false},"excerpt":{"rendered":"<p>MC Mirella iniciou mais uma disputa judicial. Ap\u00f3s a\u00e7\u00f5es movidas contra grandes empresas, a cantora agora volta sua aten\u00e7\u00e3o para um conhecido coach e influenciador digital. Entenda o caso Em setembro, Mirella entrou com um processo contra Paulo S\u00e9rgio Vieira da Silva, que possui mais de seis milh\u00f5es de seguidores nas redes sociais. O motivo [&hellip;]<\/p>\n","protected":false},"author":1,"featured_media":273729,"comment_status":"closed","ping_status":"closed","sticky":false,"template":"","format":"standard","meta":{"footnotes":""},"categories":[173],"tags":[7654],"class_list":["post-273728","post","type-post","status-publish","format-standard","has-post-thumbnail","hentry","category-celebridades","tag-mirella"],"_links":{"self":[{"href":"https:\/\/portalpopmais.com.br\/en\/wp-json\/wp\/v2\/posts\/273728","targetHints":{"allow":["GET"]}}],"collection":[{"href":"https:\/\/portalpopmais.com.br\/en\/wp-json\/wp\/v2\/posts"}],"about":[{"href":"https:\/\/portalpopmais.com.br\/en\/wp-json\/wp\/v2\/types\/post"}],"author":[{"embeddable":true,"href":"https:\/\/portalpopmais.com.br\/en\/wp-json\/wp\/v2\/users\/1"}],"replies":[{"embeddable":true,"href":"https:\/\/portalpopmais.com.br\/en\/wp-json\/wp\/v2\/comments?post=273728"}],"version-history":[{"count":0,"href":"https:\/\/portalpopmais.com.br\/en\/wp-json\/wp\/v2\/posts\/273728\/revisions"}],"wp:featuredmedia":[{"embeddable":true,"href":"https:\/\/portalpopmais.com.br\/en\/wp-json\/wp\/v2\/media\/273729"}],"wp:attachment":[{"href":"https:\/\/portalpopmais.com.br\/en\/wp-json\/wp\/v2\/media?parent=273728"}],"wp:term":[{"taxonomy":"category","embeddable":true,"href":"https:\/\/portalpopmais.com.br\/en\/wp-json\/wp\/v2\/categories?post=273728"},{"taxonomy":"post_tag","embeddable":true,"href":"https:\/\/portalpopmais.com.br\/en\/wp-json\/wp\/v2\/tags?post=273728"}],"curies":[{"name":"wp","href":"https:\/\/api.w.org\/{rel}","templated":true}]}}