{"id":273800,"date":"2025-11-04T09:20:00","date_gmt":"2025-11-04T12:20:00","guid":{"rendered":"https:\/\/portalpopmais.com.br\/?p=273800"},"modified":"2025-11-04T09:20:03","modified_gmt":"2025-11-04T12:20:03","slug":"portao-azul-a-banda-independente-de-florianopolis-que-mistura-mpb-rock-e-energia-jovem","status":"publish","type":"post","link":"https:\/\/portalpopmais.com.br\/en\/portao-azul-a-banda-independente-de-florianopolis-que-mistura-mpb-rock-e-energia-jovem\/","title":{"rendered":"Port\u00e3o Azul: a banda independente de Florian\u00f3polis que mistura MPB, rock e energia jovem"},"content":{"rendered":"<p>Formada em Florian\u00f3polis, a banda independente <strong><a href=\"https:\/\/youtu.be\/llpm3S252bk\" target=\"_blank\" rel=\"noopener\">Port\u00e3o Azul<\/a><\/strong> vem conquistando espa\u00e7o na cena musical local ao traduzir sentimentos e viv\u00eancias da juventude em suas m\u00fasicas. Desde 2022, o grupo vem lan\u00e7ando singles e realizando apresenta\u00e7\u00f5es ao vivo pela cidade, conquistando f\u00e3s e construindo uma s\u00f3lida presen\u00e7a digital.<\/p>\n\n\n\n<p>Atualmente, a banda \u00e9 composta por <strong>Gabriel Antonio Becker (vocal), Jo\u00e3o Antonio Romero (guitarra), Bernardo Pereira (bateria)<\/strong> e <strong>Victor Manoel Becker (baixo)<\/strong>. A sonoridade do grupo combina elementos modernos e populares com a brasilidade da MPB e a energia de uma banda de rock, resultando em um estilo \u00fanico e envolvente.<\/p>\n\n\n\n<figure class=\"wp-block-embed is-type-video is-provider-youtube wp-block-embed-youtube wp-embed-aspect-16-9 wp-has-aspect-ratio\"><div class=\"wp-block-embed__wrapper\">\n<iframe loading=\"lazy\" title=\"Port\u00e3o Azul - Flor (Clipe Oficial)\" width=\"880\" height=\"495\" src=\"https:\/\/www.youtube.com\/embed\/llpm3S252bk?feature=oembed\" frameborder=\"0\" allow=\"accelerometer; autoplay; clipboard-write; encrypted-media; gyroscope; picture-in-picture; web-share\" referrerpolicy=\"strict-origin-when-cross-origin\" allowfullscreen><\/iframe>\n<\/div><\/figure>\n\n\n\n<p>O EP <strong>\u201cDel\u00edrios do Momento\u201d<\/strong> colocou a Port\u00e3o Azul em destaque, acumulando mais de <strong>65 mil reprodu\u00e7\u00f5es nas plataformas digitais<\/strong> e garantindo que <strong>tr\u00eas de suas m\u00fasicas entrassem na playlist algor\u00edtmica \u201cViral Florian\u00f3polis\u201d do Spotify<\/strong>. Al\u00e9m disso, a banda mant\u00e9m forte engajamento nas redes sociais, com <strong>1.400 seguidores no Instagram<\/strong> e <strong>400 inscritos no YouTube<\/strong>, n\u00famero que cresce constantemente \u00e0 medida que novos f\u00e3s acompanham suas m\u00fasicas e produtos.<\/p>\n\n\n\n<p>A conex\u00e3o com o p\u00fablico tamb\u00e9m se reflete em parcerias estrat\u00e9gicas com marcas locais, como a <strong>Baly Energy Drink<\/strong> e a <strong>Club Fratelli<\/strong>, que aumentaram o engajamento nas redes e fortaleceram o senso de comunidade entre os f\u00e3s.<\/p>\n\n\n\n<p>Em 2024, a banda passou por mudan\u00e7as na forma\u00e7\u00e3o e iniciou o processo de produ\u00e7\u00e3o de um novo \u00e1lbum, previsto para lan\u00e7amento em 2025. Agora, o foco \u00e9 retomar a agenda de shows para promover o novo trabalho, com expectativa de casa cheia e retorno animado aos palcos ap\u00f3s um per\u00edodo intenso de grava\u00e7\u00f5es.<\/p>\n\n\n\n<p>O repert\u00f3rio da Port\u00e3o Azul vai al\u00e9m das composi\u00e7\u00f5es autorais j\u00e1 conhecidas pelo p\u00fablico. Nos shows, o grupo tamb\u00e9m apresenta <strong>covers e releituras de cl\u00e1ssicos brasileiros<\/strong>, incluindo nomes como <strong>Tim Maia, Jorge Ben, Charlie Brown Jr., Lagum, Cazuza e Gilberto Gil<\/strong>, oferecendo uma experi\u00eancia musical que mistura nostalgia e frescor contempor\u00e2neo.<\/p>\n\n\n\n<p>Com uma base de f\u00e3s engajada, performances energ\u00e9ticas e uma identidade musical que une modernidade e brasilidade, a Port\u00e3o Azul se consolida como uma das bandas independentes mais promissoras de Florian\u00f3polis, pronta para se expandir ainda mais com o lan\u00e7amento de seu novo \u00e1lbum em 2025.<\/p>","protected":false},"excerpt":{"rendered":"<p>Formada em Florian\u00f3polis, a banda independente Port\u00e3o Azul vem conquistando espa\u00e7o na cena musical local ao traduzir sentimentos e viv\u00eancias da juventude em suas m\u00fasicas. Desde 2022, o grupo vem lan\u00e7ando singles e realizando apresenta\u00e7\u00f5es ao vivo pela cidade, conquistando f\u00e3s e construindo uma s\u00f3lida presen\u00e7a digital. Atualmente, a banda \u00e9 composta por Gabriel Antonio [&hellip;]<\/p>\n","protected":false},"author":1,"featured_media":273801,"comment_status":"closed","ping_status":"closed","sticky":false,"template":"","format":"standard","meta":{"footnotes":""},"categories":[11936],"tags":[11937,19894],"class_list":["post-273800","post","type-post","status-publish","format-standard","has-post-thumbnail","hentry","category-groover","tag-groover","tag-portao-azul"],"_links":{"self":[{"href":"https:\/\/portalpopmais.com.br\/en\/wp-json\/wp\/v2\/posts\/273800","targetHints":{"allow":["GET"]}}],"collection":[{"href":"https:\/\/portalpopmais.com.br\/en\/wp-json\/wp\/v2\/posts"}],"about":[{"href":"https:\/\/portalpopmais.com.br\/en\/wp-json\/wp\/v2\/types\/post"}],"author":[{"embeddable":true,"href":"https:\/\/portalpopmais.com.br\/en\/wp-json\/wp\/v2\/users\/1"}],"replies":[{"embeddable":true,"href":"https:\/\/portalpopmais.com.br\/en\/wp-json\/wp\/v2\/comments?post=273800"}],"version-history":[{"count":0,"href":"https:\/\/portalpopmais.com.br\/en\/wp-json\/wp\/v2\/posts\/273800\/revisions"}],"wp:featuredmedia":[{"embeddable":true,"href":"https:\/\/portalpopmais.com.br\/en\/wp-json\/wp\/v2\/media\/273801"}],"wp:attachment":[{"href":"https:\/\/portalpopmais.com.br\/en\/wp-json\/wp\/v2\/media?parent=273800"}],"wp:term":[{"taxonomy":"category","embeddable":true,"href":"https:\/\/portalpopmais.com.br\/en\/wp-json\/wp\/v2\/categories?post=273800"},{"taxonomy":"post_tag","embeddable":true,"href":"https:\/\/portalpopmais.com.br\/en\/wp-json\/wp\/v2\/tags?post=273800"}],"curies":[{"name":"wp","href":"https:\/\/api.w.org\/{rel}","templated":true}]}}