{"id":273894,"date":"2025-11-05T06:42:30","date_gmt":"2025-11-05T09:42:30","guid":{"rendered":"https:\/\/portalpopmais.com.br\/?p=273894"},"modified":"2025-11-05T06:42:32","modified_gmt":"2025-11-05T09:42:32","slug":"chris-flores-revela-motivo-de-afastamento-da-tv-e-detalha-cirurgia-delicada-meu-braco-paralisou","status":"publish","type":"post","link":"https:\/\/portalpopmais.com.br\/en\/chris-flores-revela-motivo-de-afastamento-da-tv-e-detalha-cirurgia-delicada-meu-braco-paralisou\/","title":{"rendered":"Chris Flores revela motivo de afastamento da TV e detalha cirurgia delicada: \u201cMeu bra\u00e7o paralisou\u201d"},"content":{"rendered":"<p>A apresentadora <strong>Chris Flores<\/strong> abriu o cora\u00e7\u00e3o e contou pela primeira vez os verdadeiros motivos que a levaram a se afastar da televis\u00e3o por dois anos. Ap\u00f3s deixar o programa <em>Fofocalizando<\/em>, do SBT, a jornalista reapareceu no comando do <em>Melhor da Tarde<\/em>, da Band, e revelou que precisou passar por uma <strong>cirurgia delicada na regi\u00e3o do pesco\u00e7o<\/strong>.<\/p>\n\n\n\n<p>Durante entrevista ao <em>Programa Fl\u00e1vio Ricco<\/em>, Chris explicou que enfrentou um grave problema de sa\u00fade causado por uma <strong>h\u00e9rnia de disco cervical<\/strong>.<\/p>\n\n\n\n<p>\u201cTive um problema de sa\u00fade s\u00e9rio. Estou at\u00e9 com uma cicatriz no pesco\u00e7o. Foi a mesma cirurgia que a Luciana Gimenez fez, de coluna, aqui na cervical. A minha h\u00e9rnia ficou muito grande e acabou pressionando o nervo do lado esquerdo. Todo o meu bra\u00e7o paralisou. Eu sentia uma dor absurda, trabalhava com essa dor, mas n\u00e3o sabia o que era\u201d, relatou.<\/p>\n\n\n\n<p>Al\u00e9m da quest\u00e3o m\u00e9dica, a apresentadora tamb\u00e9m revelou que o afastamento foi motivado por <strong>raz\u00f5es familiares<\/strong>. Chris contou que o pai enfrenta o <strong>Mal de Parkinson<\/strong> e que ela quis se dedicar integralmente a cuidar dele.<\/p>\n\n\n\n<p>\u201cEu poderia ter continuado, mas n\u00e3o estava conseguindo dar tudo o que podia. Por respeito ao p\u00fablico, n\u00e3o poderia estar ali fingindo que estava tudo bem. Quando a gente est\u00e1 passando por um drama pessoal, n\u00e3o \u00e9 honesto sorrir e fazer de conta que est\u00e1 tudo certo\u201d, desabafou.<\/p>\n\n\n\n<p>Em entrevista \u00e0 <em>LeoDias TV<\/em>, Chris refor\u00e7ou que a decis\u00e3o de sair do SBT foi tomada por amor e responsabilidade.<\/p>\n\n\n\n<p>\u201cMeu pai tem uma doen\u00e7a degenerativa. Eu nunca tinha falado sobre isso, porque sou muito reservada. Entendi que aquele era o momento em que ele mais precisava de mim. Eu n\u00e3o sei quanto tempo o meu pai ainda vai ter, mas quero que ele viva com muito amor, luz e dignidade\u201d, declarou emocionada.<\/p>\n\n\n\n<p>Agora recuperada e em nova fase profissional, Chris Flores comemora o retorno \u00e0 televis\u00e3o e afirma estar pronta para um recome\u00e7o mais leve e equilibrado.<\/p>","protected":false},"excerpt":{"rendered":"<p>A apresentadora Chris Flores abriu o cora\u00e7\u00e3o e contou pela primeira vez os verdadeiros motivos que a levaram a se afastar da televis\u00e3o por dois anos. Ap\u00f3s deixar o programa Fofocalizando, do SBT, a jornalista reapareceu no comando do Melhor da Tarde, da Band, e revelou que precisou passar por uma cirurgia delicada na regi\u00e3o [&hellip;]<\/p>\n","protected":false},"author":1,"featured_media":273895,"comment_status":"closed","ping_status":"closed","sticky":false,"template":"","format":"standard","meta":{"footnotes":""},"categories":[173],"tags":[4023,18550],"class_list":["post-273894","post","type-post","status-publish","format-standard","has-post-thumbnail","hentry","category-celebridades","tag-chris-flores","tag-destaque"],"_links":{"self":[{"href":"https:\/\/portalpopmais.com.br\/en\/wp-json\/wp\/v2\/posts\/273894","targetHints":{"allow":["GET"]}}],"collection":[{"href":"https:\/\/portalpopmais.com.br\/en\/wp-json\/wp\/v2\/posts"}],"about":[{"href":"https:\/\/portalpopmais.com.br\/en\/wp-json\/wp\/v2\/types\/post"}],"author":[{"embeddable":true,"href":"https:\/\/portalpopmais.com.br\/en\/wp-json\/wp\/v2\/users\/1"}],"replies":[{"embeddable":true,"href":"https:\/\/portalpopmais.com.br\/en\/wp-json\/wp\/v2\/comments?post=273894"}],"version-history":[{"count":0,"href":"https:\/\/portalpopmais.com.br\/en\/wp-json\/wp\/v2\/posts\/273894\/revisions"}],"wp:featuredmedia":[{"embeddable":true,"href":"https:\/\/portalpopmais.com.br\/en\/wp-json\/wp\/v2\/media\/273895"}],"wp:attachment":[{"href":"https:\/\/portalpopmais.com.br\/en\/wp-json\/wp\/v2\/media?parent=273894"}],"wp:term":[{"taxonomy":"category","embeddable":true,"href":"https:\/\/portalpopmais.com.br\/en\/wp-json\/wp\/v2\/categories?post=273894"},{"taxonomy":"post_tag","embeddable":true,"href":"https:\/\/portalpopmais.com.br\/en\/wp-json\/wp\/v2\/tags?post=273894"}],"curies":[{"name":"wp","href":"https:\/\/api.w.org\/{rel}","templated":true}]}}