{"id":274301,"date":"2025-11-08T08:22:55","date_gmt":"2025-11-08T11:22:55","guid":{"rendered":"https:\/\/portalpopmais.com.br\/?p=274301"},"modified":"2025-11-08T08:23:55","modified_gmt":"2025-11-08T11:23:55","slug":"apos-carreira-no-direito-musico-alemao-berthold-kusserow-retoma-paixao-pela-musica-e-encanta-com-som-autentico-e-dancante","status":"publish","type":"post","link":"https:\/\/portalpopmais.com.br\/en\/apos-carreira-no-direito-musico-alemao-berthold-kusserow-retoma-paixao-pela-musica-e-encanta-com-som-autentico-e-dancante\/","title":{"rendered":"Ap\u00f3s carreira no direito, m\u00fasico alem\u00e3o Berthold Kusserow retoma paix\u00e3o pela m\u00fasica e encanta com som aut\u00eantico e dan\u00e7ante"},"content":{"rendered":"<p>Diretamente da regi\u00e3o metropolitana de Frankfurt, na Alemanha, <strong>Berthold Kusserow<\/strong> est\u00e1 mostrando que nunca \u00e9 tarde para seguir a verdadeira voca\u00e7\u00e3o. Cantor e compositor, ele tamb\u00e9m \u00e9 co-vocalista e tecladista da banda <strong>Sound Wizzards<\/strong>. Ap\u00f3s se aposentar de uma s\u00f3lida carreira como advogado, decidiu voltar \u00e0s suas origens: <strong>escrever e tocar m\u00fasica<\/strong>, sua grande paix\u00e3o.<\/p>\n\n\n\n<p>Com uma sonoridade marcada por <strong>melodias envolventes, harmonias suaves e ritmos dan\u00e7antes<\/strong>, Berthold Kusserow busca criar can\u00e7\u00f5es que v\u00e3o al\u00e9m do simples entretenimento. Suas letras, ao mesmo tempo <strong>significativas e cr\u00edticas<\/strong>, refletem experi\u00eancias e sentimentos com os quais qualquer pessoa pode se identificar.<\/p>\n\n\n\n<p>Seu estilo pode ser descrito como uma fus\u00e3o de <strong>rock e pop progressivo<\/strong>, frequentemente temperado com um toque <strong>funky<\/strong> e influ\u00eancias <strong>r\u00edtmicas latino-americanas<\/strong> \u2014 uma combina\u00e7\u00e3o que resulta em um som original, cheio de energia e autenticidade.<\/p>\n\n\n\n<p>Mais do que um retorno \u00e0 m\u00fasica, sua trajet\u00f3ria representa um <strong>renascimento art\u00edstico<\/strong>, provando que a criatividade e a paix\u00e3o n\u00e3o t\u00eam prazo de validade. Com o projeto solo e o trabalho nos Sound Wizzards, o cantor promete seguir encantando o p\u00fablico com sua mistura \u00fanica de ritmo, emo\u00e7\u00e3o e reflex\u00e3o.<\/p>\n\n\n\n<p>Separamos tr\u00eas m\u00fasicas do artista para voc\u00ea conhecer mais do seu trabalho:<\/p>\n\n\n\n<figure class=\"wp-block-embed is-type-video is-provider-youtube wp-block-embed-youtube wp-embed-aspect-4-3 wp-has-aspect-ratio\"><div class=\"wp-block-embed__wrapper\">\n<iframe loading=\"lazy\" title=\"The Friend\" width=\"880\" height=\"660\" src=\"https:\/\/www.youtube.com\/embed\/hxFM-R5Uq7k?feature=oembed\" frameborder=\"0\" allow=\"accelerometer; autoplay; clipboard-write; encrypted-media; gyroscope; picture-in-picture; web-share\" referrerpolicy=\"strict-origin-when-cross-origin\" allowfullscreen><\/iframe>\n<\/div><\/figure>\n\n\n\n<figure class=\"wp-block-embed is-type-video is-provider-youtube wp-block-embed-youtube wp-embed-aspect-4-3 wp-has-aspect-ratio\"><div class=\"wp-block-embed__wrapper\">\n<iframe loading=\"lazy\" title=\"The Shredder\" width=\"880\" height=\"660\" src=\"https:\/\/www.youtube.com\/embed\/e_H82mwvXMo?feature=oembed\" frameborder=\"0\" allow=\"accelerometer; autoplay; clipboard-write; encrypted-media; gyroscope; picture-in-picture; web-share\" referrerpolicy=\"strict-origin-when-cross-origin\" allowfullscreen><\/iframe>\n<\/div><\/figure>\n\n\n\n<figure class=\"wp-block-embed is-type-video is-provider-youtube wp-block-embed-youtube wp-embed-aspect-4-3 wp-has-aspect-ratio\"><div class=\"wp-block-embed__wrapper\">\n<iframe loading=\"lazy\" title=\"Brighten My Day\" width=\"880\" height=\"660\" src=\"https:\/\/www.youtube.com\/embed\/OvheJkXzdhU?feature=oembed\" frameborder=\"0\" allow=\"accelerometer; autoplay; clipboard-write; encrypted-media; gyroscope; picture-in-picture; web-share\" referrerpolicy=\"strict-origin-when-cross-origin\" allowfullscreen><\/iframe>\n<\/div><\/figure>","protected":false},"excerpt":{"rendered":"<p>Diretamente da regi\u00e3o metropolitana de Frankfurt, na Alemanha, Berthold Kusserow est\u00e1 mostrando que nunca \u00e9 tarde para seguir a verdadeira voca\u00e7\u00e3o. Cantor e compositor, ele tamb\u00e9m \u00e9 co-vocalista e tecladista da banda Sound Wizzards. Ap\u00f3s se aposentar de uma s\u00f3lida carreira como advogado, decidiu voltar \u00e0s suas origens: escrever e tocar m\u00fasica, sua grande paix\u00e3o. [&hellip;]<\/p>\n","protected":false},"author":1,"featured_media":274306,"comment_status":"closed","ping_status":"closed","sticky":false,"template":"","format":"standard","meta":{"footnotes":""},"categories":[11936,154],"tags":[11937],"class_list":["post-274301","post","type-post","status-publish","format-standard","has-post-thumbnail","hentry","category-groover","category-musica","tag-groover"],"_links":{"self":[{"href":"https:\/\/portalpopmais.com.br\/en\/wp-json\/wp\/v2\/posts\/274301","targetHints":{"allow":["GET"]}}],"collection":[{"href":"https:\/\/portalpopmais.com.br\/en\/wp-json\/wp\/v2\/posts"}],"about":[{"href":"https:\/\/portalpopmais.com.br\/en\/wp-json\/wp\/v2\/types\/post"}],"author":[{"embeddable":true,"href":"https:\/\/portalpopmais.com.br\/en\/wp-json\/wp\/v2\/users\/1"}],"replies":[{"embeddable":true,"href":"https:\/\/portalpopmais.com.br\/en\/wp-json\/wp\/v2\/comments?post=274301"}],"version-history":[{"count":0,"href":"https:\/\/portalpopmais.com.br\/en\/wp-json\/wp\/v2\/posts\/274301\/revisions"}],"wp:featuredmedia":[{"embeddable":true,"href":"https:\/\/portalpopmais.com.br\/en\/wp-json\/wp\/v2\/media\/274306"}],"wp:attachment":[{"href":"https:\/\/portalpopmais.com.br\/en\/wp-json\/wp\/v2\/media?parent=274301"}],"wp:term":[{"taxonomy":"category","embeddable":true,"href":"https:\/\/portalpopmais.com.br\/en\/wp-json\/wp\/v2\/categories?post=274301"},{"taxonomy":"post_tag","embeddable":true,"href":"https:\/\/portalpopmais.com.br\/en\/wp-json\/wp\/v2\/tags?post=274301"}],"curies":[{"name":"wp","href":"https:\/\/api.w.org\/{rel}","templated":true}]}}