{"id":274975,"date":"2025-11-14T11:29:25","date_gmt":"2025-11-14T14:29:25","guid":{"rendered":"https:\/\/portalpopmais.com.br\/?p=274975"},"modified":"2025-11-14T11:29:28","modified_gmt":"2025-11-14T14:29:28","slug":"sam-sabba-lanca-silencio-que-fala-ouca","status":"publish","type":"post","link":"https:\/\/portalpopmais.com.br\/en\/sam-sabba-lanca-silencio-que-fala-ouca\/","title":{"rendered":"Sam Sabb\u00e1 lan\u00e7a \u201cSil\u00eancio Que Fala\u201d; ou\u00e7a"},"content":{"rendered":"<p>O artista Sam Sabb\u00e1 convida o p\u00fablico a mergulhar em uma experi\u00eancia musical sens\u00edvel e intimista com sua nova can\u00e7\u00e3o, <em>\u201cSil\u00eancio Que Fala\u201d<\/em>. A faixa nasce do instante em que o som se recolhe e o cora\u00e7\u00e3o se torna a voz, revelando aquilo que as palavras muitas vezes n\u00e3o conseguem expressar.<\/p>\n\n\n\n<p>Totalmente ac\u00fastica, a m\u00fasica combina apenas voz e viol\u00e3o, criando um ambiente \u00edntimo e profundo. Entre as cordas do viol\u00e3o e o sopro da voz, o sil\u00eancio se transforma em melodia \u2014 suave, delicada e quase como um sussurro da alma. Cada acorde carrega ecos de lembran\u00e7as, enquanto cada pausa revela sentimentos guardados, fazendo do sil\u00eancio um espa\u00e7o para a emo\u00e7\u00e3o se fazer ouvir.<\/p>\n\n\n\n<p><em>\u201cSil\u00eancio Que Fala\u201d<\/em> \u00e9 mais do que uma can\u00e7\u00e3o; \u00e9 um respiro, um momento de conex\u00e3o entre o som e o vazio, onde a m\u00fasica encontra seu sentido mais genu\u00edno e pessoal. Uma obra que promete tocar profundamente aqueles que se permitem ouvir com aten\u00e7\u00e3o.<\/p>\n\n\n\n<figure class=\"wp-block-embed is-type-video is-provider-youtube wp-block-embed-youtube wp-embed-aspect-16-9 wp-has-aspect-ratio\"><div class=\"wp-block-embed__wrapper\">\n<iframe loading=\"lazy\" title=\"Sam Sabb\u00e1 - Sil\u00eancio que fala\" width=\"880\" height=\"495\" src=\"https:\/\/www.youtube.com\/embed\/u1Y_EvHwC2M?feature=oembed\" frameborder=\"0\" allow=\"accelerometer; autoplay; clipboard-write; encrypted-media; gyroscope; picture-in-picture; web-share\" referrerpolicy=\"strict-origin-when-cross-origin\" allowfullscreen><\/iframe>\n<\/div><\/figure>","protected":false},"excerpt":{"rendered":"<p>O artista Sam Sabb\u00e1 convida o p\u00fablico a mergulhar em uma experi\u00eancia musical sens\u00edvel e intimista com sua nova can\u00e7\u00e3o, \u201cSil\u00eancio Que Fala\u201d. A faixa nasce do instante em que o som se recolhe e o cora\u00e7\u00e3o se torna a voz, revelando aquilo que as palavras muitas vezes n\u00e3o conseguem expressar. Totalmente ac\u00fastica, a m\u00fasica [&hellip;]<\/p>\n","protected":false},"author":1,"featured_media":274976,"comment_status":"closed","ping_status":"closed","sticky":false,"template":"","format":"standard","meta":{"footnotes":""},"categories":[154],"tags":[19975],"class_list":["post-274975","post","type-post","status-publish","format-standard","has-post-thumbnail","hentry","category-musica","tag-sam-sabba"],"_links":{"self":[{"href":"https:\/\/portalpopmais.com.br\/en\/wp-json\/wp\/v2\/posts\/274975","targetHints":{"allow":["GET"]}}],"collection":[{"href":"https:\/\/portalpopmais.com.br\/en\/wp-json\/wp\/v2\/posts"}],"about":[{"href":"https:\/\/portalpopmais.com.br\/en\/wp-json\/wp\/v2\/types\/post"}],"author":[{"embeddable":true,"href":"https:\/\/portalpopmais.com.br\/en\/wp-json\/wp\/v2\/users\/1"}],"replies":[{"embeddable":true,"href":"https:\/\/portalpopmais.com.br\/en\/wp-json\/wp\/v2\/comments?post=274975"}],"version-history":[{"count":0,"href":"https:\/\/portalpopmais.com.br\/en\/wp-json\/wp\/v2\/posts\/274975\/revisions"}],"wp:featuredmedia":[{"embeddable":true,"href":"https:\/\/portalpopmais.com.br\/en\/wp-json\/wp\/v2\/media\/274976"}],"wp:attachment":[{"href":"https:\/\/portalpopmais.com.br\/en\/wp-json\/wp\/v2\/media?parent=274975"}],"wp:term":[{"taxonomy":"category","embeddable":true,"href":"https:\/\/portalpopmais.com.br\/en\/wp-json\/wp\/v2\/categories?post=274975"},{"taxonomy":"post_tag","embeddable":true,"href":"https:\/\/portalpopmais.com.br\/en\/wp-json\/wp\/v2\/tags?post=274975"}],"curies":[{"name":"wp","href":"https:\/\/api.w.org\/{rel}","templated":true}]}}