{"id":275487,"date":"2025-11-21T06:13:17","date_gmt":"2025-11-21T09:13:17","guid":{"rendered":"https:\/\/portalpopmais.com.br\/?p=275487"},"modified":"2025-11-21T06:13:20","modified_gmt":"2025-11-21T09:13:20","slug":"filha-de-galvao-bueno-atualiza-estado-de-saude-do-narrador","status":"publish","type":"post","link":"https:\/\/portalpopmais.com.br\/en\/filha-de-galvao-bueno-atualiza-estado-de-saude-do-narrador\/","title":{"rendered":"Filha de Galv\u00e3o Bueno atualiza estado de sa\u00fade do narrador"},"content":{"rendered":"<p class=\"wp-block-paragraph\">O narrador esportivo <strong>Galv\u00e3o Bueno<\/strong> segue internado em um hospital de S\u00e3o Paulo, mas j\u00e1 tem previs\u00e3o para deixar a unidade de sa\u00fade. De acordo com informa\u00e7\u00f5es repassadas por sua filha, <strong>Leticia Bueno<\/strong>, a expectativa \u00e9 de que o comunicador receba alta <strong>nesta sexta-feira, 21<\/strong>, retornando para casa ap\u00f3s dias de acompanhamento m\u00e9dico.<\/p>\n\n\n\n<p class=\"wp-block-paragraph\">Galv\u00e3o est\u00e1 recuperado da pneumonia que motivou sua interna\u00e7\u00e3o e teve todos os exames atualizados, indicando boa evolu\u00e7\u00e3o. Ele foi hospitalizado no \u00faltimo final de semana em decorr\u00eancia de um quadro de pneumonia e chegou a passar pela UTI durante o tratamento. Agora, apresenta melhora significativa e deve retomar a rotina em breve.<\/p>\n\n\n\n<hr class=\"wp-block-separator has-alpha-channel-opacity\"\/>\n\n\n\n<h3 class=\"wp-block-heading\"><strong>Galv\u00e3o Bueno tranquiliza os f\u00e3s<\/strong><\/h3>\n\n\n\n<p class=\"wp-block-paragraph\">Na tarde de ter\u00e7a-feira, 18, o narrador usou suas redes sociais para atualizar os seguidores sobre seu estado de sa\u00fade. Em um v\u00eddeo animado publicado no Instagram, Galv\u00e3o apareceu de p\u00e9, sorridente e demonstrando disposi\u00e7\u00e3o ao conversar com o p\u00fablico.<\/p>\n\n\n\n<p class=\"wp-block-paragraph\">Ele afirmou que continua internado no Hospital S\u00edrio-Liban\u00eas, mas j\u00e1 se prepara para deixar o local. Aproveitou ainda para agradecer pelas in\u00fameras mensagens de carinho que vem recebendo.<\/p>\n\n\n\n<blockquote class=\"wp-block-quote is-layout-flow wp-block-quote-is-layout-flow\">\n<p class=\"wp-block-paragraph\">\u201cQuero agradecer todas as mensagens, o carinho de voc\u00eas e a preocupa\u00e7\u00e3o com a minha sa\u00fade. Ainda estou no Hospital S\u00edrio-Liban\u00eas, j\u00e1 para sair e voltar ao trabalho. Tive uma pneumonia viral, nada muito grave, mas que precisa ser bem tratada. Segunda-feira j\u00e1 estarei firme no <em>Galv\u00e3o e Amigos<\/em> na Band e aqui com voc\u00eas no dia a dia\u201d, disse o comunicador.<\/p>\n<\/blockquote>","protected":false},"excerpt":{"rendered":"<p>O narrador esportivo Galv\u00e3o Bueno segue internado em um hospital de S\u00e3o Paulo, mas j\u00e1 tem previs\u00e3o para deixar a unidade de sa\u00fade. De acordo com informa\u00e7\u00f5es repassadas por sua filha, Leticia Bueno, a expectativa \u00e9 de que o comunicador receba alta nesta sexta-feira, 21, retornando para casa ap\u00f3s dias de acompanhamento m\u00e9dico. Galv\u00e3o est\u00e1 [&hellip;]<\/p>\n","protected":false},"author":1,"featured_media":275486,"comment_status":"closed","ping_status":"closed","sticky":false,"template":"","format":"standard","meta":{"footnotes":""},"categories":[173],"tags":[18550,8914],"class_list":["post-275487","post","type-post","status-publish","format-standard","has-post-thumbnail","hentry","category-celebridades","tag-destaque","tag-galvao-bueno"],"_links":{"self":[{"href":"https:\/\/portalpopmais.com.br\/en\/wp-json\/wp\/v2\/posts\/275487","targetHints":{"allow":["GET"]}}],"collection":[{"href":"https:\/\/portalpopmais.com.br\/en\/wp-json\/wp\/v2\/posts"}],"about":[{"href":"https:\/\/portalpopmais.com.br\/en\/wp-json\/wp\/v2\/types\/post"}],"author":[{"embeddable":true,"href":"https:\/\/portalpopmais.com.br\/en\/wp-json\/wp\/v2\/users\/1"}],"replies":[{"embeddable":true,"href":"https:\/\/portalpopmais.com.br\/en\/wp-json\/wp\/v2\/comments?post=275487"}],"version-history":[{"count":0,"href":"https:\/\/portalpopmais.com.br\/en\/wp-json\/wp\/v2\/posts\/275487\/revisions"}],"wp:featuredmedia":[{"embeddable":true,"href":"https:\/\/portalpopmais.com.br\/en\/wp-json\/wp\/v2\/media\/275486"}],"wp:attachment":[{"href":"https:\/\/portalpopmais.com.br\/en\/wp-json\/wp\/v2\/media?parent=275487"}],"wp:term":[{"taxonomy":"category","embeddable":true,"href":"https:\/\/portalpopmais.com.br\/en\/wp-json\/wp\/v2\/categories?post=275487"},{"taxonomy":"post_tag","embeddable":true,"href":"https:\/\/portalpopmais.com.br\/en\/wp-json\/wp\/v2\/tags?post=275487"}],"curies":[{"name":"wp","href":"https:\/\/api.w.org\/{rel}","templated":true}]}}