{"id":275642,"date":"2025-11-23T06:47:10","date_gmt":"2025-11-23T09:47:10","guid":{"rendered":"https:\/\/portalpopmais.com.br\/?p=275642"},"modified":"2025-11-23T06:47:58","modified_gmt":"2025-11-23T09:47:58","slug":"shawn-mendes-e-flagrado-em-cobertura-no-rio-ao-lado-de-morena-internautas-levantam-suspeita-de-bruna-marquezine","status":"publish","type":"post","link":"https:\/\/portalpopmais.com.br\/en\/shawn-mendes-e-flagrado-em-cobertura-no-rio-ao-lado-de-morena-internautas-levantam-suspeita-de-bruna-marquezine\/","title":{"rendered":"Shawn Mendes \u00e9 flagrado em cobertura no Rio ao lado de morena; internautas levantam suspeita de Bruna Marquezine"},"content":{"rendered":"<p>Shawn Mendes voltou a movimentar as redes sociais neste s\u00e1bado (22). O cantor canadense foi visto em uma cobertura no Rio de Janeiro acompanhado de uma morena que rapidamente chamou a aten\u00e7\u00e3o dos internautas. Assim que o registro foi compartilhado pelo perfil <em>Gossip do Dia<\/em>, muitos especularam que a mulher seria Bruna Marquezine, reacendendo rumores antigos sobre um poss\u00edvel affair entre os dois.<\/p>\n\n\n\n<p>Al\u00e9m da semelhan\u00e7a citada por seguidores, alguns f\u00e3s lembraram que o im\u00f3vel onde Shawn foi visto se parece com a cobertura da atriz, j\u00e1 mostrada algumas vezes em suas redes sociais. A informa\u00e7\u00e3o, por\u00e9m, n\u00e3o foi confirmada por nenhum dos dois.<\/p>\n\n\n<div class=\"wp-block-image\">\n<figure class=\"aligncenter size-full\"><img loading=\"lazy\" decoding=\"async\" width=\"1000\" height=\"1306\" src=\"https:\/\/portalpopmais.com.br\/wp-content\/uploads\/2025\/11\/whatsapp-image-2025-11-22-at-21.57.56-2-.jpeg\" alt=\"\" class=\"wp-image-275643\" title=\"\" srcset=\"https:\/\/portalpopmais.com.br\/wp-content\/uploads\/2025\/11\/whatsapp-image-2025-11-22-at-21.57.56-2-.jpeg 1000w, https:\/\/portalpopmais.com.br\/wp-content\/uploads\/2025\/11\/whatsapp-image-2025-11-22-at-21.57.56-2--768x1003.jpeg 768w, https:\/\/portalpopmais.com.br\/wp-content\/uploads\/2025\/11\/whatsapp-image-2025-11-22-at-21.57.56-2--9x12.jpeg 9w\" sizes=\"auto, (max-width: 1000px) 100vw, 1000px\" \/><figcaption class=\"wp-element-caption\">Reprodu\u00e7\u00e3o\/ Instagram<\/figcaption><\/figure>\n<\/div>\n\n<div class=\"wp-block-image\">\n<figure class=\"aligncenter size-full\"><img loading=\"lazy\" decoding=\"async\" width=\"1000\" height=\"1317\" src=\"https:\/\/portalpopmais.com.br\/wp-content\/uploads\/2025\/11\/whatsapp-image-2025-11-22-at-21.57.56-1-.jpeg\" alt=\"\" class=\"wp-image-275644\" title=\"\" srcset=\"https:\/\/portalpopmais.com.br\/wp-content\/uploads\/2025\/11\/whatsapp-image-2025-11-22-at-21.57.56-1-.jpeg 1000w, https:\/\/portalpopmais.com.br\/wp-content\/uploads\/2025\/11\/whatsapp-image-2025-11-22-at-21.57.56-1--768x1011.jpeg 768w, https:\/\/portalpopmais.com.br\/wp-content\/uploads\/2025\/11\/whatsapp-image-2025-11-22-at-21.57.56-1--9x12.jpeg 9w\" sizes=\"auto, (max-width: 1000px) 100vw, 1000px\" \/><figcaption class=\"wp-element-caption\">Reprodu\u00e7\u00e3o\/ Instagram<\/figcaption><\/figure>\n<\/div>\n\n\n<h3 class=\"wp-block-heading\"><strong>Shawn Mendes: do Nordeste ao Sudeste em clima de \u2018rol\u00eas aleat\u00f3rios\u2019<\/strong><\/h3>\n\n\n\n<p>Shawn tem sido presen\u00e7a frequente no Brasil nos \u00faltimos meses. Ap\u00f3s passar alguns dias em Salvador como h\u00f3spede de Ivete Sangalo e participar da COP30, o m\u00fasico seguiu para S\u00e3o Paulo, onde assistiu ao show de Dua Lipa ao lado de Bruna Marquezine. Os dois foram filmados conversando ao p\u00e9 do ouvido, aumentando ainda mais a curiosidade do p\u00fablico sobre a rela\u00e7\u00e3o.<\/p>\n\n\n\n<p>Nem a pr\u00f3pria Ivete perdeu a chance de brincar com os rumores: em entrevista recente a Luciano Huck, a cantora se referiu a Bruna como \u201cfilha\u201d e a Shawn como \u201cgenro\u201d.<\/p>\n\n\n\n<h3 class=\"wp-block-heading\"><strong>Relembre os rumores sobre Shawn Mendes e Bruna Marquezine<\/strong><\/h3>\n\n\n\n<p>As especula\u00e7\u00f5es sobre um poss\u00edvel romance n\u00e3o s\u00e3o novas. Elas come\u00e7aram em setembro de 2017, quando Shawn Mendes seguiu a atriz nas redes sociais logo ap\u00f3s participar do Rock in Rio \u2014 evento em que Bruna tamb\u00e9m estava presente. Pouco depois, um f\u00e3 registrou um v\u00eddeo em que os dois aparentemente conversavam na pista do show de Justin Timberlake, no mesmo festival.<\/p>\n\n\n\n<p>Em outubro daquele ano, Shawn curtiu uma foto da atriz \u2014 gesto repetido em 2019.<\/p>\n\n\n\n<p>Os boatos ganharam for\u00e7a novamente em 2024. A p\u00e1gina <em>Circo da M\u00eddia<\/em> afirmou que os dois teriam sido vistos juntos em clima de romance durante um after do Lollapalooza Brasil, organizado por Jo\u00e3o Silva, filho de Faust\u00e3o. O encontro teria inclu\u00eddo um pequeno grupo de amigos pr\u00f3ximos, entre eles Sasha Meneghel e Jo\u00e3o Lucas, que acompanharam Bruna \u00e0 festa e depois viajaram com ela para a It\u00e1lia.<\/p>\n\n\n\n<p>Segundo as publica\u00e7\u00f5es, Bruna teria assistido ao show de Shawn na \u00e1rea VIP do festival e seguido para o after, onde os dois teriam se aproximado ainda mais. Na \u00e9poca, Shawn havia revelado estar solteiro, enquanto Bruna e Jo\u00e3o Guilherme haviam encerrado o relacionamento em fevereiro.<\/p>\n\n\n\n<p>Em setembro, Bruna publicou um \u00e1lbum de fotos de sua viagem pela It\u00e1lia, que rapidamente ultrapassou 850 mil curtidas \u2014 incluindo mais uma curtida de Shawn Mendes, o que reacendeu novamente as especula\u00e7\u00f5es.<\/p>","protected":false},"excerpt":{"rendered":"<p>Shawn Mendes voltou a movimentar as redes sociais neste s\u00e1bado (22). O cantor canadense foi visto em uma cobertura no Rio de Janeiro acompanhado de uma morena que rapidamente chamou a aten\u00e7\u00e3o dos internautas. Assim que o registro foi compartilhado pelo perfil Gossip do Dia, muitos especularam que a mulher seria Bruna Marquezine, reacendendo rumores [&hellip;]<\/p>\n","protected":false},"author":1,"featured_media":267444,"comment_status":"closed","ping_status":"closed","sticky":false,"template":"","format":"standard","meta":{"footnotes":""},"categories":[173],"tags":[734,18550,494],"class_list":["post-275642","post","type-post","status-publish","format-standard","has-post-thumbnail","hentry","category-celebridades","tag-bruna-marquezine","tag-destaque","tag-shawn-mendes"],"_links":{"self":[{"href":"https:\/\/portalpopmais.com.br\/en\/wp-json\/wp\/v2\/posts\/275642","targetHints":{"allow":["GET"]}}],"collection":[{"href":"https:\/\/portalpopmais.com.br\/en\/wp-json\/wp\/v2\/posts"}],"about":[{"href":"https:\/\/portalpopmais.com.br\/en\/wp-json\/wp\/v2\/types\/post"}],"author":[{"embeddable":true,"href":"https:\/\/portalpopmais.com.br\/en\/wp-json\/wp\/v2\/users\/1"}],"replies":[{"embeddable":true,"href":"https:\/\/portalpopmais.com.br\/en\/wp-json\/wp\/v2\/comments?post=275642"}],"version-history":[{"count":0,"href":"https:\/\/portalpopmais.com.br\/en\/wp-json\/wp\/v2\/posts\/275642\/revisions"}],"wp:featuredmedia":[{"embeddable":true,"href":"https:\/\/portalpopmais.com.br\/en\/wp-json\/wp\/v2\/media\/267444"}],"wp:attachment":[{"href":"https:\/\/portalpopmais.com.br\/en\/wp-json\/wp\/v2\/media?parent=275642"}],"wp:term":[{"taxonomy":"category","embeddable":true,"href":"https:\/\/portalpopmais.com.br\/en\/wp-json\/wp\/v2\/categories?post=275642"},{"taxonomy":"post_tag","embeddable":true,"href":"https:\/\/portalpopmais.com.br\/en\/wp-json\/wp\/v2\/tags?post=275642"}],"curies":[{"name":"wp","href":"https:\/\/api.w.org\/{rel}","templated":true}]}}