{"id":275753,"date":"2025-11-24T08:12:55","date_gmt":"2025-11-24T11:12:55","guid":{"rendered":"https:\/\/portalpopmais.com.br\/?p=275753"},"modified":"2025-11-24T08:12:58","modified_gmt":"2025-11-24T11:12:58","slug":"poze-do-rodo-se-pronuncia-apos-polemica-envolvendo-suposta-expulsao-da-ex-esposa-de-casa","status":"publish","type":"post","link":"https:\/\/portalpopmais.com.br\/en\/poze-do-rodo-se-pronuncia-apos-polemica-envolvendo-suposta-expulsao-da-ex-esposa-de-casa\/","title":{"rendered":"Poze do Rodo se pronuncia ap\u00f3s pol\u00eamica envolvendo suposta expuls\u00e3o da ex-esposa de casa"},"content":{"rendered":"<p class=\"wp-block-paragraph\">O funkeiro Poze do Rodo, 26, veio a p\u00fablico neste domingo (23) para comentar a pol\u00eamica que tomou conta das redes sociais ap\u00f3s sua ex-esposa, Vivi Noronha, 20, afirmar que teria sido retirada da casa onde morava com o artista.<\/p>\n\n\n\n<p class=\"wp-block-paragraph\">Nos stories do Instagram, o cantor publicou uma sequ\u00eancia de mensagens em tom de desabafo.<\/p>\n\n\n\n<p class=\"wp-block-paragraph\">\u201cEu n\u00e3o tenho problema com ningu\u00e9m, meu foco \u00e9 exatamente esse: n\u00e3o ter problema, n\u00e3o trazer problema, n\u00e3o ser o problema!\u201d, escreveu o m\u00fasico. Em seguida, destacou que est\u00e1 concentrado em sua rotina de trabalho: \u201cMuita luta pra chegar at\u00e9 aqui, s\u00f3 quero fazer minha humilde di\u00e1ria, ajudar quem eu puder. E agradecer sempre a Deus em primeiro lugar.\u201d<\/p>\n\n\n\n<p class=\"wp-block-paragraph\">Poze finalizou declarando que coment\u00e1rios negativos n\u00e3o o atingem: \u201cFofoca e mironga fica para quem tem tempo a perder. Sobre a minha pessoa voc\u00eas pensam o que quiser.\u201d<\/p>\n\n\n\n<h3 class=\"wp-block-heading\"><strong>A pol\u00eamica<\/strong><\/h3>\n\n\n\n<p class=\"wp-block-paragraph\">A declara\u00e7\u00e3o do funkeiro veio ap\u00f3s Vivi Noronha mostrar, em suas redes sociais, v\u00e1rias sacolas de lixo contendo roupas e pertences que seriam dela. A influenciadora publicou uma foto ao lado dos sacos e escreveu: <em>\u201cContanto que eu esteja viva, posso come\u00e7ar de novo, de novo e de novo.\u201d<\/em><\/p>\n\n\n\n<p class=\"wp-block-paragraph\">Em outro story, ela compartilhou imagens similares acompanhadas de um print que, segundo ela, seria de uma mensagem enviada por Poze do Rodo: <em>\u201cAe, s\u00f3 manda separar seus bagulhos para sair de casa at\u00e9 amanh\u00e3, valeu?\u201d<\/em>.<\/p>\n\n\n\n<p class=\"wp-block-paragraph\">O ex-casal anunciou oficialmente o t\u00e9rmino no in\u00edcio de novembro e, desde ent\u00e3o, tem trocado indiretas pelas redes sociais. Na semana anterior, a influenciadora reagiu a uma foto em que o cantor aparece ao lado de uma loira, enquanto Poze curtiu uma publica\u00e7\u00e3o insinuando trai\u00e7\u00f5es na antiga rela\u00e7\u00e3o.<\/p>\n\n\n\n<p class=\"wp-block-paragraph\">A situa\u00e7\u00e3o segue repercutindo entre f\u00e3s e internautas, que acompanham com aten\u00e7\u00e3o os desdobramentos das declara\u00e7\u00f5es de ambos.<\/p>\n\n\n<div class=\"wp-block-image\">\n<figure class=\"aligncenter size-full\"><img loading=\"lazy\" decoding=\"async\" width=\"848\" height=\"1489\" src=\"https:\/\/portalpopmais.com.br\/wp-content\/uploads\/2025\/11\/vivi-noronha.jpeg\" alt=\"\" class=\"wp-image-275751\" title=\"\" srcset=\"https:\/\/portalpopmais.com.br\/wp-content\/uploads\/2025\/11\/vivi-noronha.jpeg 848w, https:\/\/portalpopmais.com.br\/wp-content\/uploads\/2025\/11\/vivi-noronha-768x1349.jpeg 768w, https:\/\/portalpopmais.com.br\/wp-content\/uploads\/2025\/11\/vivi-noronha-7x12.jpeg 7w\" sizes=\"auto, (max-width: 848px) 100vw, 848px\" \/><figcaption class=\"wp-element-caption\">Vivi Noronha via Instagram &#8211; Reprodu\u00e7\u00e3o<\/figcaption><\/figure>\n<\/div>\n\n<div class=\"wp-block-image\">\n<figure class=\"aligncenter size-full\"><img loading=\"lazy\" decoding=\"async\" width=\"849\" height=\"1496\" src=\"https:\/\/portalpopmais.com.br\/wp-content\/uploads\/2025\/11\/vivi-noronha-2.jpeg\" alt=\"\" class=\"wp-image-275750\" title=\"\" srcset=\"https:\/\/portalpopmais.com.br\/wp-content\/uploads\/2025\/11\/vivi-noronha-2.jpeg 849w, https:\/\/portalpopmais.com.br\/wp-content\/uploads\/2025\/11\/vivi-noronha-2-768x1353.jpeg 768w, https:\/\/portalpopmais.com.br\/wp-content\/uploads\/2025\/11\/vivi-noronha-2-7x12.jpeg 7w\" sizes=\"auto, (max-width: 849px) 100vw, 849px\" \/><figcaption class=\"wp-element-caption\">Vivi Noronha via Instagram &#8211; Reprodu\u00e7\u00e3o<\/figcaption><\/figure>\n<\/div>","protected":false},"excerpt":{"rendered":"<p>O funkeiro Poze do Rodo, 26, veio a p\u00fablico neste domingo (23) para comentar a pol\u00eamica que tomou conta das redes sociais ap\u00f3s sua ex-esposa, Vivi Noronha, 20, afirmar que teria sido retirada da casa onde morava com o artista. Nos stories do Instagram, o cantor publicou uma sequ\u00eancia de mensagens em tom de desabafo. [&hellip;]<\/p>\n","protected":false},"author":1,"featured_media":275752,"comment_status":"closed","ping_status":"closed","sticky":false,"template":"","format":"standard","meta":{"footnotes":""},"categories":[173],"tags":[10181,16529],"class_list":["post-275753","post","type-post","status-publish","format-standard","has-post-thumbnail","hentry","category-celebridades","tag-poze","tag-vivi-noronha"],"_links":{"self":[{"href":"https:\/\/portalpopmais.com.br\/en\/wp-json\/wp\/v2\/posts\/275753","targetHints":{"allow":["GET"]}}],"collection":[{"href":"https:\/\/portalpopmais.com.br\/en\/wp-json\/wp\/v2\/posts"}],"about":[{"href":"https:\/\/portalpopmais.com.br\/en\/wp-json\/wp\/v2\/types\/post"}],"author":[{"embeddable":true,"href":"https:\/\/portalpopmais.com.br\/en\/wp-json\/wp\/v2\/users\/1"}],"replies":[{"embeddable":true,"href":"https:\/\/portalpopmais.com.br\/en\/wp-json\/wp\/v2\/comments?post=275753"}],"version-history":[{"count":0,"href":"https:\/\/portalpopmais.com.br\/en\/wp-json\/wp\/v2\/posts\/275753\/revisions"}],"wp:featuredmedia":[{"embeddable":true,"href":"https:\/\/portalpopmais.com.br\/en\/wp-json\/wp\/v2\/media\/275752"}],"wp:attachment":[{"href":"https:\/\/portalpopmais.com.br\/en\/wp-json\/wp\/v2\/media?parent=275753"}],"wp:term":[{"taxonomy":"category","embeddable":true,"href":"https:\/\/portalpopmais.com.br\/en\/wp-json\/wp\/v2\/categories?post=275753"},{"taxonomy":"post_tag","embeddable":true,"href":"https:\/\/portalpopmais.com.br\/en\/wp-json\/wp\/v2\/tags?post=275753"}],"curies":[{"name":"wp","href":"https:\/\/api.w.org\/{rel}","templated":true}]}}