{"id":276029,"date":"2025-11-26T16:59:16","date_gmt":"2025-11-26T19:59:16","guid":{"rendered":"https:\/\/portalpopmais.com.br\/?p=276029"},"modified":"2025-11-26T17:00:54","modified_gmt":"2025-11-26T20:00:54","slug":"ana-castela-lanca-boneca-inspirada-em-seu-visual-por-quase-r-300-e-celebra-novidade-tao-esperada","status":"publish","type":"post","link":"https:\/\/portalpopmais.com.br\/en\/ana-castela-lanca-boneca-inspirada-em-seu-visual-por-quase-r-300-e-celebra-novidade-tao-esperada\/","title":{"rendered":"Ana Castela lan\u00e7a boneca inspirada em seu visual por quase R$ 300 e celebra novidade: \u201cT\u00e3o esperada\u201d"},"content":{"rendered":"<p>Ana Castela apresentou nesta quarta-feira (26) a nova boneca inspirada em seu visual, deixando seus f\u00e3s empolgados com a novidade. O brinquedo, que promete conquistar o p\u00fablico infantil, chega ao mercado por R$ 274,90 e reproduz o estilo caracter\u00edstico da cantora.<\/p>\n\n\n\n<p>Com 55 cm de altura, a boneca vem com um look totalmente rosa e acompanha uma s\u00e9rie de acess\u00f3rios, como um chaveiro em formato de bota, chap\u00e9u e at\u00e9 uma cartela de tatuagens para personaliza\u00e7\u00e3o. A est\u00e9tica da pe\u00e7a reflete a identidade da \u201cBoiadeira\u201d, que comemorou a novidade nas redes sociais.<\/p>\n\n\n\n<p>\u201cTenho uma novidade incr\u00edvel para voc\u00eas. A minha boneca t\u00e3o esperada chegou. Imagina ter uma boneca da Ana Castela juntinho com voc\u00ea\u201d, disse a artista ao anunciar o lan\u00e7amento.<\/p>\n\n\n\n<p>A cantora tem investido cada vez mais no p\u00fablico infantil. Al\u00e9m de estrelar o desenho animado <em>Turma da Boiaderinha<\/em>, ela tamb\u00e9m realiza shows voltados para crian\u00e7as e, neste ano, apresentou uma edi\u00e7\u00e3o especial do <em>Bom Dia &amp; Cia<\/em> no SBT em comemora\u00e7\u00e3o ao Dia das Crian\u00e7as.<\/p>\n\n\n\n<p>Emocionada, Ana falou sobre a realiza\u00e7\u00e3o de ver sua vers\u00e3o em brinquedo chegar \u00e0s lojas.<br>\u201cVer minha pr\u00f3pria boneca ganhar vida \u00e9 uma emo\u00e7\u00e3o enorme! Fico muito feliz em saber que as crian\u00e7as v\u00e3o poder brincar, cantar e criar hist\u00f3rias junto comigo. Cada detalhe foi pensado com muito carinho, do chap\u00e9u \u00e0s botas, para que a boneca tivesse a minha cara e levasse um pedacinho do meu mundo para a casa de cada f\u00e3. Espero que ela inspire muitas crian\u00e7as a sonharem alto e acreditarem no seu pr\u00f3prio brilho\u201d, afirmou.<\/p>\n\n\n<div class=\"wp-block-image\">\n<figure class=\"aligncenter size-full\"><img loading=\"lazy\" decoding=\"async\" width=\"1000\" height=\"930\" src=\"https:\/\/portalpopmais.com.br\/wp-content\/uploads\/2025\/11\/whatsapp-image-2025-11-26-at-16.34.54.jpeg\" alt=\"\" class=\"wp-image-276028\" title=\"\" srcset=\"https:\/\/portalpopmais.com.br\/wp-content\/uploads\/2025\/11\/whatsapp-image-2025-11-26-at-16.34.54.jpeg 1000w, https:\/\/portalpopmais.com.br\/wp-content\/uploads\/2025\/11\/whatsapp-image-2025-11-26-at-16.34.54-768x714.jpeg 768w, https:\/\/portalpopmais.com.br\/wp-content\/uploads\/2025\/11\/whatsapp-image-2025-11-26-at-16.34.54-13x12.jpeg 13w\" sizes=\"auto, (max-width: 1000px) 100vw, 1000px\" \/><figcaption class=\"wp-element-caption\">Reprodu\u00e7\u00e3o\/ Instagram<\/figcaption><\/figure>\n<\/div>","protected":false},"excerpt":{"rendered":"<p>Ana Castela apresentou nesta quarta-feira (26) a nova boneca inspirada em seu visual, deixando seus f\u00e3s empolgados com a novidade. O brinquedo, que promete conquistar o p\u00fablico infantil, chega ao mercado por R$ 274,90 e reproduz o estilo caracter\u00edstico da cantora. Com 55 cm de altura, a boneca vem com um look totalmente rosa e [&hellip;]<\/p>\n","protected":false},"author":1,"featured_media":276027,"comment_status":"closed","ping_status":"closed","sticky":false,"template":"","format":"standard","meta":{"footnotes":""},"categories":[173],"tags":[11747],"class_list":["post-276029","post","type-post","status-publish","format-standard","has-post-thumbnail","hentry","category-celebridades","tag-ana-castela"],"_links":{"self":[{"href":"https:\/\/portalpopmais.com.br\/en\/wp-json\/wp\/v2\/posts\/276029","targetHints":{"allow":["GET"]}}],"collection":[{"href":"https:\/\/portalpopmais.com.br\/en\/wp-json\/wp\/v2\/posts"}],"about":[{"href":"https:\/\/portalpopmais.com.br\/en\/wp-json\/wp\/v2\/types\/post"}],"author":[{"embeddable":true,"href":"https:\/\/portalpopmais.com.br\/en\/wp-json\/wp\/v2\/users\/1"}],"replies":[{"embeddable":true,"href":"https:\/\/portalpopmais.com.br\/en\/wp-json\/wp\/v2\/comments?post=276029"}],"version-history":[{"count":0,"href":"https:\/\/portalpopmais.com.br\/en\/wp-json\/wp\/v2\/posts\/276029\/revisions"}],"wp:featuredmedia":[{"embeddable":true,"href":"https:\/\/portalpopmais.com.br\/en\/wp-json\/wp\/v2\/media\/276027"}],"wp:attachment":[{"href":"https:\/\/portalpopmais.com.br\/en\/wp-json\/wp\/v2\/media?parent=276029"}],"wp:term":[{"taxonomy":"category","embeddable":true,"href":"https:\/\/portalpopmais.com.br\/en\/wp-json\/wp\/v2\/categories?post=276029"},{"taxonomy":"post_tag","embeddable":true,"href":"https:\/\/portalpopmais.com.br\/en\/wp-json\/wp\/v2\/tags?post=276029"}],"curies":[{"name":"wp","href":"https:\/\/api.w.org\/{rel}","templated":true}]}}