{"id":276084,"date":"2025-11-27T10:58:14","date_gmt":"2025-11-27T13:58:14","guid":{"rendered":"https:\/\/portalpopmais.com.br\/?p=276084"},"modified":"2025-11-27T10:58:18","modified_gmt":"2025-11-27T13:58:18","slug":"show-bell-marques-cancelado-stock-car-2025","status":"publish","type":"post","link":"https:\/\/portalpopmais.com.br\/en\/show-bell-marques-cancelado-stock-car-2025\/","title":{"rendered":"Show de Bell Marques na reinaugura\u00e7\u00e3o do Aut\u00f3dromo de Bras\u00edlia \u00e9 cancelado"},"content":{"rendered":"<p>O show de Bell Marques, que integraria a programa\u00e7\u00e3o de reinaugura\u00e7\u00e3o do Aut\u00f3dromo Internacional de Bras\u00edlia durante o Grande Pr\u00eamio BRB de Stock Car 2025, foi oficialmente cancelado. A informa\u00e7\u00e3o foi confirmada nesta quinta-feira (27\/11), dia da reabertura do espa\u00e7o, que estava fechado h\u00e1 11 anos.<\/p>\n\n\n\n<p>O an\u00fancio foi feito pelo secret\u00e1rio de Turismo do Distrito Federal, Cristiano Ara\u00fajo, durante o evento de reinaugura\u00e7\u00e3o. Segundo ele, o cancelamento ocorreu por incompatibilidade de agenda do cantor.<\/p>\n\n\n\n<p>\u201cA gente acabou mudando a grade de programa\u00e7\u00e3o, mas teremos v\u00e1rios artistas da cidade. O show, na verdade, \u00e9 o automobilismo. Teremos tamb\u00e9m a Libertadores no final de semana, com tel\u00f5es para as pessoas assistirem. E posteriormente vamos trazer um show do Bell para n\u00e3o ficar devendo isso para a popula\u00e7\u00e3o\u201d, afirmou o secret\u00e1rio.<\/p>\n\n\n\n<p>Apesar da mudan\u00e7a, a Stock Car \u2014 promovida pelo Governo do Distrito Federal (GDF) em parceria com BRB, Setur, Terracap, DER e Vicar \u2014 mant\u00e9m todas as demais atra\u00e7\u00f5es esportivas e estruturas previstas para o fim de semana.<\/p>","protected":false},"excerpt":{"rendered":"<p>O show de Bell Marques, que integraria a programa\u00e7\u00e3o de reinaugura\u00e7\u00e3o do Aut\u00f3dromo Internacional de Bras\u00edlia durante o Grande Pr\u00eamio BRB de Stock Car 2025, foi oficialmente cancelado. A informa\u00e7\u00e3o foi confirmada nesta quinta-feira (27\/11), dia da reabertura do espa\u00e7o, que estava fechado h\u00e1 11 anos. O an\u00fancio foi feito pelo secret\u00e1rio de Turismo do [&hellip;]<\/p>\n","protected":false},"author":1,"featured_media":276085,"comment_status":"closed","ping_status":"closed","sticky":false,"template":"","format":"standard","meta":{"footnotes":""},"categories":[154],"tags":[15637],"class_list":["post-276084","post","type-post","status-publish","format-standard","has-post-thumbnail","hentry","category-musica","tag-bell-marques"],"_links":{"self":[{"href":"https:\/\/portalpopmais.com.br\/en\/wp-json\/wp\/v2\/posts\/276084","targetHints":{"allow":["GET"]}}],"collection":[{"href":"https:\/\/portalpopmais.com.br\/en\/wp-json\/wp\/v2\/posts"}],"about":[{"href":"https:\/\/portalpopmais.com.br\/en\/wp-json\/wp\/v2\/types\/post"}],"author":[{"embeddable":true,"href":"https:\/\/portalpopmais.com.br\/en\/wp-json\/wp\/v2\/users\/1"}],"replies":[{"embeddable":true,"href":"https:\/\/portalpopmais.com.br\/en\/wp-json\/wp\/v2\/comments?post=276084"}],"version-history":[{"count":0,"href":"https:\/\/portalpopmais.com.br\/en\/wp-json\/wp\/v2\/posts\/276084\/revisions"}],"wp:featuredmedia":[{"embeddable":true,"href":"https:\/\/portalpopmais.com.br\/en\/wp-json\/wp\/v2\/media\/276085"}],"wp:attachment":[{"href":"https:\/\/portalpopmais.com.br\/en\/wp-json\/wp\/v2\/media?parent=276084"}],"wp:term":[{"taxonomy":"category","embeddable":true,"href":"https:\/\/portalpopmais.com.br\/en\/wp-json\/wp\/v2\/categories?post=276084"},{"taxonomy":"post_tag","embeddable":true,"href":"https:\/\/portalpopmais.com.br\/en\/wp-json\/wp\/v2\/tags?post=276084"}],"curies":[{"name":"wp","href":"https:\/\/api.w.org\/{rel}","templated":true}]}}