{"id":276285,"date":"2025-11-29T18:04:35","date_gmt":"2025-11-29T21:04:35","guid":{"rendered":"https:\/\/portalpopmais.com.br\/?p=276285"},"modified":"2025-11-29T18:04:38","modified_gmt":"2025-11-29T21:04:38","slug":"ana-castela-posta-foto-na-cama-ze-felipe","status":"publish","type":"post","link":"https:\/\/portalpopmais.com.br\/en\/ana-castela-posta-foto-na-cama-ze-felipe\/","title":{"rendered":"Ana Castela publica foto na cama com Z\u00e9 Felipe e movimenta a web; veja"},"content":{"rendered":"<p>Ana Castela, 22, encantou os f\u00e3s na tarde deste s\u00e1bado (29) ao compartilhar, nos Stories do Instagram, momentos fofos ao lado do namorado, Z\u00e9 Felipe, 27. Na imagem, os dois aparecem deitados na cama, bem juntinhos. \u201cSaudade dele. Te amoooo\u201d, escreveu a cantora.<\/p>\n\n\n\n<p>Z\u00e9 Felipe tamb\u00e9m retribuiu o carinho e publicou um print de uma chamada de v\u00eddeo com a amada, em que ela aparece cobrindo o rosto. \u201cAmo voc\u00ea\u201d, declarou o sertanejo.<\/p>\n\n\n\n<p>O casal assumiu oficialmente o relacionamento em outubro, ap\u00f3s semanas de especula\u00e7\u00f5es nas redes sociais. Desde ent\u00e3o, Ana \u2014 ex-namorada de Gustavo Mioto \u2014 e Z\u00e9, filho de Leonardo e ex-marido de Virginia Fonseca, v\u00eam compartilhando diversos momentos apaixonados tanto nas redes quanto em apari\u00e7\u00f5es p\u00fablicas.<\/p>\n\n\n\n<p>Nesta semana, voltou a circular um v\u00eddeo de 2022 em que os dois aparecem juntos antes do in\u00edcio do romance. Na \u00e9poca, eles participavam da grava\u00e7\u00e3o de <em>Ro\u00e7a em Mim<\/em>, parceria com Luan Pereira. Nos bastidores, Ana e Z\u00e9 surgem abra\u00e7ados, cena que agora ganhou novo significado para os f\u00e3s.<\/p>\n\n\n\n<p>Nas redes, internautas reagiram ao reencontro do v\u00eddeo antigo: \u201cAlma g\u00eamea, Deus uniu\u201d, comentou um f\u00e3. \u201cO destino \u00e9 incr\u00edvel, imprevis\u00edvel\u201d, escreveu outro. \u201cO mundo d\u00e1 voltas! Hoje, juntinhos\u201d, disse um terceiro.<\/p>\n\n\n<div class=\"wp-block-image\">\n<figure class=\"aligncenter size-full\"><img loading=\"lazy\" decoding=\"async\" width=\"1000\" height=\"1777\" src=\"https:\/\/portalpopmais.com.br\/wp-content\/uploads\/2025\/11\/image-388.png\" alt=\"\" class=\"wp-image-276288\" title=\"\" srcset=\"https:\/\/portalpopmais.com.br\/wp-content\/uploads\/2025\/11\/image-388.png 1000w, https:\/\/portalpopmais.com.br\/wp-content\/uploads\/2025\/11\/image-388-768x1365.png 768w, https:\/\/portalpopmais.com.br\/wp-content\/uploads\/2025\/11\/image-388-864x1536.png 864w, https:\/\/portalpopmais.com.br\/wp-content\/uploads\/2025\/11\/image-388-7x12.png 7w\" sizes=\"auto, (max-width: 1000px) 100vw, 1000px\" \/><figcaption class=\"wp-element-caption\">Z\u00e9 Felipe e Ana Castela \u2014 Foto: Reprodu\u00e7\u00e3o\/Instagram<br><a href=\"https:\/\/revistaquem.globo.com\/noticias\/amor-e-sexo\/noticia\/2025\/11\/lembra-dela-ex-bbb-thais-braz-publica-foto-rara-ao-lado-do-novo-namorado.ghtml\" target=\"_blank\" rel=\"noopener\"><br><br><\/a><\/figcaption><\/figure>\n<\/div>\n\n<div class=\"wp-block-image\">\n<figure class=\"aligncenter size-full\"><img loading=\"lazy\" decoding=\"async\" width=\"1000\" height=\"1777\" src=\"https:\/\/portalpopmais.com.br\/wp-content\/uploads\/2025\/11\/image-386.png\" alt=\"\" class=\"wp-image-276286\" title=\"\" srcset=\"https:\/\/portalpopmais.com.br\/wp-content\/uploads\/2025\/11\/image-386.png 1000w, https:\/\/portalpopmais.com.br\/wp-content\/uploads\/2025\/11\/image-386-768x1365.png 768w, https:\/\/portalpopmais.com.br\/wp-content\/uploads\/2025\/11\/image-386-864x1536.png 864w, https:\/\/portalpopmais.com.br\/wp-content\/uploads\/2025\/11\/image-386-7x12.png 7w\" sizes=\"auto, (max-width: 1000px) 100vw, 1000px\" \/><figcaption class=\"wp-element-caption\">Z\u00e9 Felipe e Ana Castela \u2014 Foto: Reprodu\u00e7\u00e3o\/Instagram<br><a href=\"https:\/\/revistaquem.globo.com\/noticias\/amor-e-sexo\/noticia\/2025\/11\/lembra-dela-ex-bbb-thais-braz-publica-foto-rara-ao-lado-do-novo-namorado.ghtml\" target=\"_blank\" rel=\"noopener\"><br><br><\/a><\/figcaption><\/figure>\n<\/div>","protected":false},"excerpt":{"rendered":"<p>Ana Castela, 22, encantou os f\u00e3s na tarde deste s\u00e1bado (29) ao compartilhar, nos Stories do Instagram, momentos fofos ao lado do namorado, Z\u00e9 Felipe, 27. Na imagem, os dois aparecem deitados na cama, bem juntinhos. \u201cSaudade dele. Te amoooo\u201d, escreveu a cantora. Z\u00e9 Felipe tamb\u00e9m retribuiu o carinho e publicou um print de uma [&hellip;]<\/p>\n","protected":false},"author":1,"featured_media":276287,"comment_status":"closed","ping_status":"closed","sticky":false,"template":"","format":"standard","meta":{"footnotes":""},"categories":[173],"tags":[11747,2404],"class_list":["post-276285","post","type-post","status-publish","format-standard","has-post-thumbnail","hentry","category-celebridades","tag-ana-castela","tag-ze-felipe"],"_links":{"self":[{"href":"https:\/\/portalpopmais.com.br\/en\/wp-json\/wp\/v2\/posts\/276285","targetHints":{"allow":["GET"]}}],"collection":[{"href":"https:\/\/portalpopmais.com.br\/en\/wp-json\/wp\/v2\/posts"}],"about":[{"href":"https:\/\/portalpopmais.com.br\/en\/wp-json\/wp\/v2\/types\/post"}],"author":[{"embeddable":true,"href":"https:\/\/portalpopmais.com.br\/en\/wp-json\/wp\/v2\/users\/1"}],"replies":[{"embeddable":true,"href":"https:\/\/portalpopmais.com.br\/en\/wp-json\/wp\/v2\/comments?post=276285"}],"version-history":[{"count":0,"href":"https:\/\/portalpopmais.com.br\/en\/wp-json\/wp\/v2\/posts\/276285\/revisions"}],"wp:featuredmedia":[{"embeddable":true,"href":"https:\/\/portalpopmais.com.br\/en\/wp-json\/wp\/v2\/media\/276287"}],"wp:attachment":[{"href":"https:\/\/portalpopmais.com.br\/en\/wp-json\/wp\/v2\/media?parent=276285"}],"wp:term":[{"taxonomy":"category","embeddable":true,"href":"https:\/\/portalpopmais.com.br\/en\/wp-json\/wp\/v2\/categories?post=276285"},{"taxonomy":"post_tag","embeddable":true,"href":"https:\/\/portalpopmais.com.br\/en\/wp-json\/wp\/v2\/tags?post=276285"}],"curies":[{"name":"wp","href":"https:\/\/api.w.org\/{rel}","templated":true}]}}