{"id":276834,"date":"2025-12-06T09:30:00","date_gmt":"2025-12-06T12:30:00","guid":{"rendered":"https:\/\/portalpopmais.com.br\/?p=276834"},"modified":"2025-12-06T08:43:23","modified_gmt":"2025-12-06T11:43:23","slug":"vai-sair-da-record-ticiane-pinheiro-confirma-mudanca-para-o-rio-em-2026-saiba-tudo","status":"publish","type":"post","link":"https:\/\/portalpopmais.com.br\/en\/vai-sair-da-record-ticiane-pinheiro-confirma-mudanca-para-o-rio-em-2026-saiba-tudo\/","title":{"rendered":"Vai sair da Record? Ticiane Pinheiro confirma mudan\u00e7a para o Rio em 2026; saiba tudo"},"content":{"rendered":"<p>A apresentadora <strong>Ticiane Pinheiro<\/strong> confirmou que far\u00e1 uma mudan\u00e7a definitiva para o <strong>Rio de Janeiro em 2026<\/strong>, colocando fim ao per\u00edodo em que divide sua rotina entre S\u00e3o Paulo e a capital fluminense. A novidade foi revelada em entrevista ao rep\u00f3rter Rodrigo Agustini, que arrancou a resposta aguardada pelos f\u00e3s:<br><strong>\u201cSim, ano que vem estaremos todos juntos l\u00e1.\u201d<\/strong><\/p>\n\n\n\n<p>A decis\u00e3o acompanha a nova fase profissional do marido, <strong>C\u00e9sar Tralli<\/strong>, que passou a morar oficialmente no Rio no in\u00edcio de novembro, ap\u00f3s assumir a bancada do <strong>Jornal Nacional<\/strong>, o posto mais prestigiado do telejornalismo brasileiro. Enquanto isso, Ticiane e as filhas, <strong>Rafaella Justus<\/strong> e <strong>Manuella Tralli<\/strong>, continuam em S\u00e3o Paulo por conta da escola e de compromissos profissionais.<\/p>\n\n\n<div class=\"wp-block-image\">\n<figure class=\"aligncenter size-full\"><img loading=\"lazy\" decoding=\"async\" width=\"888\" height=\"500\" src=\"https:\/\/portalpopmais.com.br\/wp-content\/uploads\/2025\/12\/image-88.png\" alt=\"\" class=\"wp-image-276835\" title=\"\" srcset=\"https:\/\/portalpopmais.com.br\/wp-content\/uploads\/2025\/12\/image-88.png 888w, https:\/\/portalpopmais.com.br\/wp-content\/uploads\/2025\/12\/image-88-768x432.png 768w, https:\/\/portalpopmais.com.br\/wp-content\/uploads\/2025\/12\/image-88-18x10.png 18w, https:\/\/portalpopmais.com.br\/wp-content\/uploads\/2025\/12\/image-88-600x337.png 600w\" sizes=\"auto, (max-width: 888px) 100vw, 888px\" \/><figcaption class=\"wp-element-caption\">Ticiane e C\u00e9sar Tralli \u2014 Foto: Reprodu\u00e7\u00e3o\/Instagram<br><\/figcaption><\/figure>\n<\/div>\n\n\n<p>Apesar da dist\u00e2ncia, o casal segue mantendo a uni\u00e3o em equil\u00edbrio. Recentemente, Ticiane fez um bate-volta ao Rio para comemorar o anivers\u00e1rio de casamento, e Tralli registrou o momento nas redes sociais: <em>\u201cOito anos de casado e o meu presente \u00e9 minha mulher ter vindo aqui para jantar comigo e voltar para S\u00e3o Paulo amanh\u00e3. Te amo.\u201d<\/em><\/p>\n\n\n\n<p>Durante a entrevista, Tici tamb\u00e9m destacou que sua maior alegria no ano n\u00e3o foi a mudan\u00e7a planejada, mas sim a realiza\u00e7\u00e3o do marido ao conquistar o lugar no Jornal Nacional \u2014 algo que ela descreveu como <strong>\u201ca grande conquista da nossa fam\u00edlia\u201d<\/strong>.<\/p>\n\n\n\n<p>Com 2025 marcado como um ano de ajustes e viagens constantes, Ticiane enxerga 2026 como o momento em que tudo, enfim, se alinhar\u00e1. Para ela, o essencial \u00e9 simples: <strong>estar com toda a fam\u00edlia reunida<\/strong>.<\/p>","protected":false},"excerpt":{"rendered":"<p>A apresentadora Ticiane Pinheiro confirmou que far\u00e1 uma mudan\u00e7a definitiva para o Rio de Janeiro em 2026, colocando fim ao per\u00edodo em que divide sua rotina entre S\u00e3o Paulo e a capital fluminense. A novidade foi revelada em entrevista ao rep\u00f3rter Rodrigo Agustini, que arrancou a resposta aguardada pelos f\u00e3s:\u201cSim, ano que vem estaremos todos [&hellip;]<\/p>\n","protected":false},"author":2,"featured_media":276836,"comment_status":"closed","ping_status":"closed","sticky":false,"template":"","format":"standard","meta":{"footnotes":""},"categories":[181],"tags":[18550,882,18555],"class_list":["post-276834","post","type-post","status-publish","format-standard","has-post-thumbnail","hentry","category-televisao","tag-destaque","tag-record","tag-ticiane-pinheiro"],"_links":{"self":[{"href":"https:\/\/portalpopmais.com.br\/en\/wp-json\/wp\/v2\/posts\/276834","targetHints":{"allow":["GET"]}}],"collection":[{"href":"https:\/\/portalpopmais.com.br\/en\/wp-json\/wp\/v2\/posts"}],"about":[{"href":"https:\/\/portalpopmais.com.br\/en\/wp-json\/wp\/v2\/types\/post"}],"author":[{"embeddable":true,"href":"https:\/\/portalpopmais.com.br\/en\/wp-json\/wp\/v2\/users\/2"}],"replies":[{"embeddable":true,"href":"https:\/\/portalpopmais.com.br\/en\/wp-json\/wp\/v2\/comments?post=276834"}],"version-history":[{"count":0,"href":"https:\/\/portalpopmais.com.br\/en\/wp-json\/wp\/v2\/posts\/276834\/revisions"}],"wp:featuredmedia":[{"embeddable":true,"href":"https:\/\/portalpopmais.com.br\/en\/wp-json\/wp\/v2\/media\/276836"}],"wp:attachment":[{"href":"https:\/\/portalpopmais.com.br\/en\/wp-json\/wp\/v2\/media?parent=276834"}],"wp:term":[{"taxonomy":"category","embeddable":true,"href":"https:\/\/portalpopmais.com.br\/en\/wp-json\/wp\/v2\/categories?post=276834"},{"taxonomy":"post_tag","embeddable":true,"href":"https:\/\/portalpopmais.com.br\/en\/wp-json\/wp\/v2\/tags?post=276834"}],"curies":[{"name":"wp","href":"https:\/\/api.w.org\/{rel}","templated":true}]}}