{"id":276865,"date":"2025-12-06T12:18:31","date_gmt":"2025-12-06T15:18:31","guid":{"rendered":"https:\/\/portalpopmais.com.br\/?p=276865"},"modified":"2025-12-06T12:18:34","modified_gmt":"2025-12-06T15:18:34","slug":"morre-aguia-dourada-reporter-marcante-das-coberturas-policiais-na-tv-cearense","status":"publish","type":"post","link":"https:\/\/portalpopmais.com.br\/en\/morre-aguia-dourada-reporter-marcante-das-coberturas-policiais-na-tv-cearense\/","title":{"rendered":"Morre \u00c1guia Dourada, rep\u00f3rter marcante das coberturas policiais na TV cearense"},"content":{"rendered":"<p class=\"wp-block-paragraph\">O jornalismo policial perdeu, neste s\u00e1bado (6), um de seus nomes mais emblem\u00e1ticos. Morreu o rep\u00f3rter <strong>\u00c1guia Dourada<\/strong>, profissional que se tornou refer\u00eancia nas coberturas de ocorr\u00eancias em Fortaleza e Regi\u00e3o Metropolitana. A confirma\u00e7\u00e3o do falecimento foi feita pela apresentadora <strong>Isis Cidade<\/strong>, da TV Cidade Fortaleza, emissora na qual ele construiu grande parte de sua carreira.<\/p>\n\n\n\n<p class=\"wp-block-paragraph\">Afastado da TV desde <strong>julho de 2021<\/strong> por problemas de sa\u00fade, o comunicador n\u00e3o chegou a retornar \u00e0s atividades. De acordo com o rep\u00f3rter <strong>Wander Gomes<\/strong>, \u00c1guia Dourada passou mal na noite de sexta-feira (5), sentindo dores no bra\u00e7o e falta de ar. Ele foi levado ao hospital municipal de Caucaia, onde ficou internado. Nas primeiras horas deste s\u00e1bado, a fam\u00edlia foi informada da morte.<\/p>\n\n\n\n<p class=\"wp-block-paragraph\">Com d\u00e9cadas dedicadas ao jornalismo policial, \u00c1guia Dourada ficou conhecido pelo estilo intenso e caracter\u00edstico de narrar reportagens, especialmente aquelas feitas nas periferias de Fortaleza. Seus bord\u00f5es tornaram-se marca registrada das entradas ao vivo: <em>\u201c\u00c9 no pique e na agilidade\u201d<\/em> e <em>\u201c\u00c9 bala, muita bala\u201d<\/em> ecoaram por anos na TV cearense.<\/p>\n\n\n\n<p class=\"wp-block-paragraph\">At\u00e9 o momento, n\u00e3o h\u00e1 informa\u00e7\u00f5es divulgadas sobre vel\u00f3rio e sepultamento do rep\u00f3rter.<\/p>","protected":false},"excerpt":{"rendered":"<p>O jornalismo policial perdeu, neste s\u00e1bado (6), um de seus nomes mais emblem\u00e1ticos. Morreu o rep\u00f3rter \u00c1guia Dourada, profissional que se tornou refer\u00eancia nas coberturas de ocorr\u00eancias em Fortaleza e Regi\u00e3o Metropolitana. A confirma\u00e7\u00e3o do falecimento foi feita pela apresentadora Isis Cidade, da TV Cidade Fortaleza, emissora na qual ele construiu grande parte de sua [&hellip;]<\/p>\n","protected":false},"author":2,"featured_media":276866,"comment_status":"closed","ping_status":"closed","sticky":false,"template":"","format":"standard","meta":{"footnotes":""},"categories":[181],"tags":[20073],"class_list":["post-276865","post","type-post","status-publish","format-standard","has-post-thumbnail","hentry","category-televisao","tag-aguia-dourada"],"_links":{"self":[{"href":"https:\/\/portalpopmais.com.br\/en\/wp-json\/wp\/v2\/posts\/276865","targetHints":{"allow":["GET"]}}],"collection":[{"href":"https:\/\/portalpopmais.com.br\/en\/wp-json\/wp\/v2\/posts"}],"about":[{"href":"https:\/\/portalpopmais.com.br\/en\/wp-json\/wp\/v2\/types\/post"}],"author":[{"embeddable":true,"href":"https:\/\/portalpopmais.com.br\/en\/wp-json\/wp\/v2\/users\/2"}],"replies":[{"embeddable":true,"href":"https:\/\/portalpopmais.com.br\/en\/wp-json\/wp\/v2\/comments?post=276865"}],"version-history":[{"count":0,"href":"https:\/\/portalpopmais.com.br\/en\/wp-json\/wp\/v2\/posts\/276865\/revisions"}],"wp:featuredmedia":[{"embeddable":true,"href":"https:\/\/portalpopmais.com.br\/en\/wp-json\/wp\/v2\/media\/276866"}],"wp:attachment":[{"href":"https:\/\/portalpopmais.com.br\/en\/wp-json\/wp\/v2\/media?parent=276865"}],"wp:term":[{"taxonomy":"category","embeddable":true,"href":"https:\/\/portalpopmais.com.br\/en\/wp-json\/wp\/v2\/categories?post=276865"},{"taxonomy":"post_tag","embeddable":true,"href":"https:\/\/portalpopmais.com.br\/en\/wp-json\/wp\/v2\/tags?post=276865"}],"curies":[{"name":"wp","href":"https:\/\/api.w.org\/{rel}","templated":true}]}}