{"id":277059,"date":"2025-12-09T06:07:34","date_gmt":"2025-12-09T09:07:34","guid":{"rendered":"https:\/\/portalpopmais.com.br\/?p=277059"},"modified":"2025-12-09T07:14:20","modified_gmt":"2025-12-09T10:14:20","slug":"juliette-anuncia-pausa-na-carreira-musical-e-web-debocha-e-quando-foi-que-comecou","status":"publish","type":"post","link":"https:\/\/portalpopmais.com.br\/en\/juliette-anuncia-pausa-na-carreira-musical-e-web-debocha-e-quando-foi-que-comecou\/","title":{"rendered":"Juliette anuncia pausa na carreira musical e web debocha: &#8220;E quando foi que come\u00e7ou?&#8221;"},"content":{"rendered":"\n<p>Juliette Freire decidiu colocar a carreira musical em segundo plano. A cantora e apresentadora revelou que a m\u00fasica havia deixado de ser fonte de prazer e passou a ser encarada como obriga\u00e7\u00e3o \u2014 o que a levou a optar por uma pausa estrat\u00e9gica. A declara\u00e7\u00e3o foi feita durante entrevista ao podcast <em>Bonita de Pele<\/em>, onde a artista abriu o jogo sobre o desgaste emocional que vinha enfrentando.<\/p>\n\n\n\n<p>Segundo Juliette, o lan\u00e7amento de seu \u00faltimo \u00e1lbum acendeu o sinal de alerta. \u201cEu amo m\u00fasica. Tenho uma paix\u00e3o por m\u00fasica. Ela me traduz muito. Mas a m\u00fasica estava virando obriga\u00e7\u00e3o e n\u00e3o amor. Quando lancei o \u00faltimo [\u00e1lbum], notei que estava ficando muito mais pressionada, sisuda e triste do que feliz. Para mim, m\u00fasica \u00e9 felicidade e leveza. Falei: \u2018Pera\u00ed. Tenho que ressignificar isso\u2019. N\u00e3o estava dando conta de me entregar \u00e0 m\u00fasica, e n\u00e3o estava me sentindo feliz. A\u00ed dei uma segurada\u201d, desabafou.<\/p>\n\n\n\n<h3 class=\"wp-block-heading\"><strong>Rea\u00e7\u00f5es na web<\/strong><\/h3>\n\n\n\n<p>Logo ap\u00f3s o an\u00fancio, o nome de Juliette virou um dos assuntos mais comentados na rede social X. Parte dos internautas reagiu com ironia e cr\u00edticas \u00e0 trajet\u00f3ria musical da artista. Coment\u00e1rios como <em>\u201cMeus ouvidos agradecem\u201d<\/em>, <em>\u201cAs m\u00fasicas dela eram horr\u00edveis\u201d<\/em> e <em>\u201c\u00c9 porque ela nunca foi cantora\u201d<\/em> circularam entre as publica\u00e7\u00f5es, evidenciando a polariza\u00e7\u00e3o de opini\u00f5es em torno da influenciadora.<\/p>\n\n\n\n<figure class=\"wp-block-embed is-type-rich is-provider-twitter wp-block-embed-twitter\"><div class=\"wp-block-embed__wrapper\">\n<blockquote class=\"twitter-tweet\" data-width=\"550\" data-dnt=\"true\"><p lang=\"pt\" dir=\"ltr\">Meus ouvidos agradecem obrigado Deus <a href=\"https:\/\/t.co\/RNjQRUFqZo\">pic.twitter.com\/RNjQRUFqZo<\/a><\/p>&mdash; David Arao (@DavidArao1) <a href=\"https:\/\/twitter.com\/DavidArao1\/status\/1998220548883816689?ref_src=twsrc%5Etfw\" target=\"_blank\" rel=\"noopener\">December 9, 2025<\/a><\/blockquote><script async src=\"https:\/\/platform.twitter.com\/widgets.js\" charset=\"utf-8\"><\/script>\n<\/div><\/figure>\n\n\n\n<figure class=\"wp-block-embed is-type-rich is-provider-twitter wp-block-embed-twitter\"><div class=\"wp-block-embed__wrapper\">\n<blockquote class=\"twitter-tweet\" data-width=\"550\" data-dnt=\"true\"><p lang=\"pt\" dir=\"ltr\">Realidade: fracassou lan\u00e7ando musica e agora vai fazer uma pausa. <a href=\"https:\/\/t.co\/JhOxhredSy\">pic.twitter.com\/JhOxhredSy<\/a><\/p>&mdash; Chuu\ud83e\udebd (@AthenaV55) <a href=\"https:\/\/twitter.com\/AthenaV55\/status\/1998201868984746212?ref_src=twsrc%5Etfw\" target=\"_blank\" rel=\"noopener\">December 9, 2025<\/a><\/blockquote><script async src=\"https:\/\/platform.twitter.com\/widgets.js\" charset=\"utf-8\"><\/script>\n<\/div><\/figure>\n\n\n\n<figure class=\"wp-block-embed is-type-rich is-provider-twitter wp-block-embed-twitter\"><div class=\"wp-block-embed__wrapper\">\n<blockquote class=\"twitter-tweet\" data-width=\"550\" data-dnt=\"true\"><p lang=\"pt\" dir=\"ltr\">E quando foi que ela come\u00e7ou?<\/p>&mdash; HWANG HYUNJIN (@Jinnienn1) <a href=\"https:\/\/twitter.com\/Jinnienn1\/status\/1998213968729616710?ref_src=twsrc%5Etfw\" target=\"_blank\" rel=\"noopener\">December 9, 2025<\/a><\/blockquote><script async src=\"https:\/\/platform.twitter.com\/widgets.js\" charset=\"utf-8\"><\/script>\n<\/div><\/figure>\n","protected":false},"excerpt":{"rendered":"<p>Juliette Freire decidiu colocar a carreira musical em segundo plano. A cantora e apresentadora revelou que a m\u00fasica havia deixado de ser fonte de prazer e passou a ser encarada como obriga\u00e7\u00e3o \u2014 o que a levou a optar por uma pausa estrat\u00e9gica. A declara\u00e7\u00e3o foi feita durante entrevista ao podcast Bonita de Pele, onde [&hellip;]<\/p>\n","protected":false},"author":1,"featured_media":246697,"comment_status":"closed","ping_status":"closed","sticky":false,"template":"","format":"standard","meta":{"footnotes":""},"categories":[154],"tags":[18550,8135],"class_list":["post-277059","post","type-post","status-publish","format-standard","has-post-thumbnail","hentry","category-musica","tag-destaque","tag-juliette"],"_links":{"self":[{"href":"https:\/\/portalpopmais.com.br\/en\/wp-json\/wp\/v2\/posts\/277059","targetHints":{"allow":["GET"]}}],"collection":[{"href":"https:\/\/portalpopmais.com.br\/en\/wp-json\/wp\/v2\/posts"}],"about":[{"href":"https:\/\/portalpopmais.com.br\/en\/wp-json\/wp\/v2\/types\/post"}],"author":[{"embeddable":true,"href":"https:\/\/portalpopmais.com.br\/en\/wp-json\/wp\/v2\/users\/1"}],"replies":[{"embeddable":true,"href":"https:\/\/portalpopmais.com.br\/en\/wp-json\/wp\/v2\/comments?post=277059"}],"version-history":[{"count":0,"href":"https:\/\/portalpopmais.com.br\/en\/wp-json\/wp\/v2\/posts\/277059\/revisions"}],"wp:featuredmedia":[{"embeddable":true,"href":"https:\/\/portalpopmais.com.br\/en\/wp-json\/wp\/v2\/media\/246697"}],"wp:attachment":[{"href":"https:\/\/portalpopmais.com.br\/en\/wp-json\/wp\/v2\/media?parent=277059"}],"wp:term":[{"taxonomy":"category","embeddable":true,"href":"https:\/\/portalpopmais.com.br\/en\/wp-json\/wp\/v2\/categories?post=277059"},{"taxonomy":"post_tag","embeddable":true,"href":"https:\/\/portalpopmais.com.br\/en\/wp-json\/wp\/v2\/tags?post=277059"}],"curies":[{"name":"wp","href":"https:\/\/api.w.org\/{rel}","templated":true}]}}