{"id":277326,"date":"2025-12-11T16:25:43","date_gmt":"2025-12-11T19:25:43","guid":{"rendered":"https:\/\/portalpopmais.com.br\/?p=277326"},"modified":"2025-12-11T16:25:48","modified_gmt":"2025-12-11T19:25:48","slug":"marcos-almeida-volta-a-agitar-as-aguas-do-album-calado-em-parceria-luminosa-com-dora-sanches","status":"publish","type":"post","link":"https:\/\/portalpopmais.com.br\/en\/marcos-almeida-volta-a-agitar-as-aguas-do-album-calado-em-parceria-luminosa-com-dora-sanches\/","title":{"rendered":"Marcos Almeida volta a agitar as \u00e1guas do \u00e1lbum \u2018Calado\u2019 em parceria luminosa com Dora Sanches"},"content":{"rendered":"<p class=\"wp-block-paragraph\">Marcos Almeida acaba de abrir um novo cap\u00edtulo dentro do universo de Calado, seu quinto \u00e1lbum autoral lan\u00e7ado neste ano. O m\u00fasico mineiro apresenta hoje (11) o single \u201cAcalmar\u201d, faixa que chega depois do disco, mas que acabou ganhando um lugar definitivo na vers\u00e3o deluxe, e n\u00e3o \u00e9 \u00e0 toa: a can\u00e7\u00e3o soa como uma expans\u00e3o natural da est\u00e9tica que j\u00e1 vinha sendo constru\u00edda, ao mesmo tempo em que apresenta um elemento in\u00e9dito em sua discografia recente.<\/p>\n\n\n\n<p class=\"wp-block-paragraph\">A novidade atende pelo nome de Dora Sanches, cantora sul-mato-grossense de 24 anos que vem chamando aten\u00e7\u00e3o por sua fus\u00e3o de Soul, MPB e Folk. A voz de Dora atravessa o arranjo ac\u00fastico com delicadeza e intensidade, criando um dueto que amplia o clima mar\u00edtimo que guia Calado. \u00c9 o tipo de participa\u00e7\u00e3o que n\u00e3o \u201cdecora\u201d a faixa, ela vira eixo.<br>\u2028\u201cA primeira vez que vi o Marcos foi num v\u00eddeo em que ele cantava em um teatro. Fiquei impressionada com a pot\u00eancia da voz dele. Eu e Marcos temos afinidades muito bonitas dentro da m\u00fasica e da f\u00e9, o que torna essa troca art\u00edstica ainda mais especial. Virei admiradora da arte dele antes mesmo de conhec\u00ea-lo\u201d, diz Dora.<\/p>\n\n\n\n<p class=\"wp-block-paragraph\">Marcos Almeida conta uma vers\u00e3o bem semelhante. Antes de se encontrar pessoalmente com Dora Sanches, se apaixonou pela sua voz. E passou a ouvi-la numa frequ\u00eancia quase febril. \u2028\u2028\u201cFoi uma conex\u00e3o, antes de tudo, art\u00edstica. Quando fui mandar uma mensagem para ela no inbox do Instagram, descobri que ela j\u00e1 havia me mandado uma mensagem tamb\u00e9m. Passamos, ent\u00e3o, a conversar e resolvi mandar a letra de \u2018Acalmar&#8217; para ela. Na minha cabe\u00e7a, eu j\u00e1 conseguia ouvir perfeitamente a voz de Dora se encaixando nesta letra em um dueto\u201d, relembra.<\/p>\n\n\n\n<p class=\"wp-block-paragraph\">Depois de muito ensaio, a estreia da dupla veio em um show na Casa Natura, no bairro de Pinheiros, em S\u00e3o Paulo. \u201cQuando fizemos um ensaio no camarim, o dueto soou como se tivesse sido escrito para as nossas vozes. Existe at\u00e9 um v\u00eddeo desse momento. \u00c9 uma can\u00e7\u00e3o poderosa, que me atravessou profundamente\u201d, relembra a artista, emocionada.<\/p>\n\n\n\n<p class=\"wp-block-paragraph\">\u201cO p\u00fablico recebeu de um jeito muito especial. E isso deu um g\u00e1s para que, mesmo com a falta de tempo, a gente j\u00e1 gravasse. Foi lindo\u201d, completa Marcos Almeida.<\/p>\n\n\n\n<p class=\"wp-block-paragraph\">Na vers\u00e3o deluxe do \u00e1lbum \u2018Calado\u2019, a m\u00fasica \u2018Acalmar\u2019 passou a ocupar a quarta faixa. Ela vem na esteira de letras mais sossegadas e serenas, cumprindo a finalidade de acalentar, mas tamb\u00e9m de impulsionar na travessia desejada.&nbsp;<\/p>\n\n\n\n<p class=\"wp-block-paragraph\">\u201cEssa m\u00fasica tem esse efeito de trazer a calmaria. Uma enorme tranquilidade. \u00c9 uma m\u00fasica que ouvi muitas vezes antes de tocar para as pessoas. Penso nela como uma m\u00fasica de ninar\u201d, define o cantor e compositor mineiro.&nbsp;<\/p>\n\n\n\n<p class=\"wp-block-paragraph\">Al\u00e9m do novo single, Marcos Almeida se prop\u00f4s a viver um momento raro na m\u00fasica brasileira com a turn\u00ea \u2018De Casa em Casa\u2019 \u2013 um formato intimista e absolutamente in\u00e9dito, que abre m\u00e3o das grandes casas de espet\u00e1culo ao criar encontros reais dentro da casa dos pr\u00f3prios ouvintes. Mais que shows, s\u00e3o experi\u00eancias comunit\u00e1rias e transformadoras, que t\u00eam movimentado centenas de pessoas em cada cidade, inaugurando um novo jeito de circular m\u00fasica independente no Brasil.<br>\u2028O formato que come\u00e7ou na Bahia, j\u00e1 passou pelo Esp\u00edrito Santo e agora, no m\u00eas de dezembro, segue no Rio de Janeiro at\u00e9 finalizar esta primeira etapa em S\u00e3o Paulo.&nbsp; O local do show n\u00e3o \u00e9 divulgado previamente nas redes sociais.&nbsp;<\/p>\n\n\n\n<p class=\"wp-block-paragraph\">O que \u00e9 publicizado \u00e9 somente a cidade onde ocorrer\u00e1 a apresenta\u00e7\u00e3o na data determinada. A partir disso, quem quiser ajudar pode oferecer sua pr\u00f3pria casa, bastando preencher um formul\u00e1rio disponibilizado no Instagram do artista. \u2028\u2028H\u00e1 tamb\u00e9m a possibilidade de contribuir com o projeto por meio de doa\u00e7\u00f5es. \u201cEu acredito no encontro. Fica o convite para entrar nessa mar\u00e9 de leveza\u201d, convida o Almeida.<\/p>\n\n\n\n<p class=\"wp-block-paragraph\"><\/p>\n\n\n\n<p class=\"wp-block-paragraph\">Na Bahia, a turn\u00ea j\u00e1 passou por Salvador, Feira de Santana, Vit\u00f3ria da Conquista, Ilh\u00e9us e Porto Seguro. No Esp\u00edrito Santos, os destinos foram Linhares, Vit\u00f3ria e Cachoeiro do Itapemirim. J\u00e1 houve shows tamb\u00e9m em Campos dos Goytacazes e Niter\u00f3i, ambos no Rio.<\/p>\n\n\n\n<figure class=\"wp-block-embed is-type-rich is-provider-spotify wp-block-embed-spotify wp-embed-aspect-21-9 wp-has-aspect-ratio\"><div class=\"wp-block-embed__wrapper\">\n<iframe title=\"Spotify Embed: Acalmar\" style=\"border-radius: 12px\" width=\"100%\" height=\"152\" frameborder=\"0\" allowfullscreen allow=\"autoplay; clipboard-write; encrypted-media; fullscreen; picture-in-picture\" loading=\"lazy\" src=\"https:\/\/open.spotify.com\/embed\/track\/3mxnsARTD5yZyYEZ7DVj6i?si=c6FmvYNkTuiv4S1Mfc2ZXQ&amp;utm_source=oembed\"><\/iframe>\n<\/div><\/figure>","protected":false},"excerpt":{"rendered":"<p>No single &#8220;Acalmar&#8221;, o dueto amplia o eixo ac\u00fastico do \u00e1lbum e entrega uma das interpreta\u00e7\u00f5es mais sens\u00edveis da fase atual do m\u00fasico<\/p>","protected":false},"author":7,"featured_media":277327,"comment_status":"closed","ping_status":"closed","sticky":false,"template":"","format":"standard","meta":{"footnotes":""},"categories":[154],"tags":[],"class_list":["post-277326","post","type-post","status-publish","format-standard","has-post-thumbnail","hentry","category-musica"],"_links":{"self":[{"href":"https:\/\/portalpopmais.com.br\/en\/wp-json\/wp\/v2\/posts\/277326","targetHints":{"allow":["GET"]}}],"collection":[{"href":"https:\/\/portalpopmais.com.br\/en\/wp-json\/wp\/v2\/posts"}],"about":[{"href":"https:\/\/portalpopmais.com.br\/en\/wp-json\/wp\/v2\/types\/post"}],"author":[{"embeddable":true,"href":"https:\/\/portalpopmais.com.br\/en\/wp-json\/wp\/v2\/users\/7"}],"replies":[{"embeddable":true,"href":"https:\/\/portalpopmais.com.br\/en\/wp-json\/wp\/v2\/comments?post=277326"}],"version-history":[{"count":0,"href":"https:\/\/portalpopmais.com.br\/en\/wp-json\/wp\/v2\/posts\/277326\/revisions"}],"wp:featuredmedia":[{"embeddable":true,"href":"https:\/\/portalpopmais.com.br\/en\/wp-json\/wp\/v2\/media\/277327"}],"wp:attachment":[{"href":"https:\/\/portalpopmais.com.br\/en\/wp-json\/wp\/v2\/media?parent=277326"}],"wp:term":[{"taxonomy":"category","embeddable":true,"href":"https:\/\/portalpopmais.com.br\/en\/wp-json\/wp\/v2\/categories?post=277326"},{"taxonomy":"post_tag","embeddable":true,"href":"https:\/\/portalpopmais.com.br\/en\/wp-json\/wp\/v2\/tags?post=277326"}],"curies":[{"name":"wp","href":"https:\/\/api.w.org\/{rel}","templated":true}]}}