{"id":277614,"date":"2025-12-14T06:19:37","date_gmt":"2025-12-14T09:19:37","guid":{"rendered":"https:\/\/portalpopmais.com.br\/?p=277614"},"modified":"2025-12-14T06:19:40","modified_gmt":"2025-12-14T09:19:40","slug":"ana-castela-pega-buque-em-casamento-e-troca-beijao-com-ze-felipe-durante-a-festa","status":"publish","type":"post","link":"https:\/\/portalpopmais.com.br\/en\/ana-castela-pega-buque-em-casamento-e-troca-beijao-com-ze-felipe-durante-a-festa\/","title":{"rendered":"Ana Castela pega buqu\u00ea em casamento e troca beij\u00e3o com Z\u00e9 Felipe durante a festa"},"content":{"rendered":"<p>Ana Castela, de 22 anos, e Z\u00e9 Felipe, de 27, roubaram a cena durante um casamento realizado neste s\u00e1bado (13), em Londrina, no Paran\u00e1. Convidados para a cerim\u00f4nia de uma amiga da cantora sertaneja, os artistas protagonizaram momentos de romance que n\u00e3o passaram despercebidos pelos presentes.<\/p>\n\n\n\n<p>Durante a tradicional disputa pelo buqu\u00ea, Ana Castela foi a sortuda da noite e acabou ficando com as flores da noiva. A cena animou os convidados, que imediatamente come\u00e7aram a gritar o nome de Z\u00e9 Felipe, filho do cantor Leonardo. Em clima de descontra\u00e7\u00e3o e carinho, o cantor respondeu aos gritos com um beij\u00e3o na namorada, arrancando aplausos e registros dos convidados.<\/p>\n\n\n\n<p>Mais cedo, o casal j\u00e1 havia chamado aten\u00e7\u00e3o nas redes sociais ao publicar fotos juntos diretamente de Londrina. Em clima apaixonado, Ana e Z\u00e9 Felipe legendaram o registro com a frase: \u201cEu s\u00f3 quero voc\u00ea\u201d, refor\u00e7ando o momento especial vivido pelos dois.<\/p>\n\n\n\n<p>Ana Castela mant\u00e9m resid\u00eancia na cidade paranaense, o que tornou a ocasi\u00e3o ainda mais especial para a cantora. Discretos, mas cada vez mais unidos, os artistas seguem conquistando f\u00e3s n\u00e3o apenas pela m\u00fasica, mas tamb\u00e9m pelas demonstra\u00e7\u00f5es p\u00fablicas de carinho.<\/p>\n\n\n<div class=\"wp-block-image\">\n<figure class=\"aligncenter size-full\"><img loading=\"lazy\" decoding=\"async\" width=\"1000\" height=\"1333\" src=\"https:\/\/portalpopmais.com.br\/wp-content\/uploads\/2025\/12\/anacastelacantora-1765641317-3786796294451836959-4367392452.jpg\" alt=\"\" class=\"wp-image-277613\" title=\"\" srcset=\"https:\/\/portalpopmais.com.br\/wp-content\/uploads\/2025\/12\/anacastelacantora-1765641317-3786796294451836959-4367392452.jpg 1000w, https:\/\/portalpopmais.com.br\/wp-content\/uploads\/2025\/12\/anacastelacantora-1765641317-3786796294451836959-4367392452-768x1024.jpg 768w, https:\/\/portalpopmais.com.br\/wp-content\/uploads\/2025\/12\/anacastelacantora-1765641317-3786796294451836959-4367392452-9x12.jpg 9w\" sizes=\"auto, (max-width: 1000px) 100vw, 1000px\" \/><figcaption class=\"wp-element-caption\">Reprodu\u00e7\u00e3o\/ Instagram<\/figcaption><\/figure>\n<\/div>\n\n\n<figure class=\"wp-block-embed is-type-rich is-provider-twitter wp-block-embed-twitter\"><div class=\"wp-block-embed__wrapper\">\n<blockquote class=\"twitter-tweet\" data-width=\"550\" data-dnt=\"true\"><p lang=\"pt\" dir=\"ltr\">A Ana pegou o buqu\u00ea kkkkkkkk avisa que o quadro casando na igreja vai ser pendurado simmmm <a href=\"https:\/\/t.co\/u4ZhMZWGSU\">pic.twitter.com\/u4ZhMZWGSU<\/a><\/p>&mdash; ju \ud801\ude81 (@CastelaJu) <a href=\"https:\/\/twitter.com\/CastelaJu\/status\/1999993524339802622?ref_src=twsrc%5Etfw\" target=\"_blank\" rel=\"noopener\">December 14, 2025<\/a><\/blockquote><script async src=\"https:\/\/platform.twitter.com\/widgets.js\" charset=\"utf-8\"><\/script>\n<\/div><\/figure>","protected":false},"excerpt":{"rendered":"<p>Ana Castela, de 22 anos, e Z\u00e9 Felipe, de 27, roubaram a cena durante um casamento realizado neste s\u00e1bado (13), em Londrina, no Paran\u00e1. Convidados para a cerim\u00f4nia de uma amiga da cantora sertaneja, os artistas protagonizaram momentos de romance que n\u00e3o passaram despercebidos pelos presentes. Durante a tradicional disputa pelo buqu\u00ea, Ana Castela foi [&hellip;]<\/p>\n","protected":false},"author":2,"featured_media":277612,"comment_status":"closed","ping_status":"closed","sticky":false,"template":"","format":"standard","meta":{"footnotes":""},"categories":[173],"tags":[11747,18550,2404],"class_list":["post-277614","post","type-post","status-publish","format-standard","has-post-thumbnail","hentry","category-celebridades","tag-ana-castela","tag-destaque","tag-ze-felipe"],"_links":{"self":[{"href":"https:\/\/portalpopmais.com.br\/en\/wp-json\/wp\/v2\/posts\/277614","targetHints":{"allow":["GET"]}}],"collection":[{"href":"https:\/\/portalpopmais.com.br\/en\/wp-json\/wp\/v2\/posts"}],"about":[{"href":"https:\/\/portalpopmais.com.br\/en\/wp-json\/wp\/v2\/types\/post"}],"author":[{"embeddable":true,"href":"https:\/\/portalpopmais.com.br\/en\/wp-json\/wp\/v2\/users\/2"}],"replies":[{"embeddable":true,"href":"https:\/\/portalpopmais.com.br\/en\/wp-json\/wp\/v2\/comments?post=277614"}],"version-history":[{"count":0,"href":"https:\/\/portalpopmais.com.br\/en\/wp-json\/wp\/v2\/posts\/277614\/revisions"}],"wp:featuredmedia":[{"embeddable":true,"href":"https:\/\/portalpopmais.com.br\/en\/wp-json\/wp\/v2\/media\/277612"}],"wp:attachment":[{"href":"https:\/\/portalpopmais.com.br\/en\/wp-json\/wp\/v2\/media?parent=277614"}],"wp:term":[{"taxonomy":"category","embeddable":true,"href":"https:\/\/portalpopmais.com.br\/en\/wp-json\/wp\/v2\/categories?post=277614"},{"taxonomy":"post_tag","embeddable":true,"href":"https:\/\/portalpopmais.com.br\/en\/wp-json\/wp\/v2\/tags?post=277614"}],"curies":[{"name":"wp","href":"https:\/\/api.w.org\/{rel}","templated":true}]}}