{"id":278476,"date":"2025-12-15T17:38:56","date_gmt":"2025-12-15T20:38:56","guid":{"rendered":"https:\/\/portalpopmais.com.br\/?p=278476"},"modified":"2025-12-16T08:33:00","modified_gmt":"2025-12-16T11:33:00","slug":"letra-ate-amanha-bk","status":"publish","type":"post","link":"https:\/\/portalpopmais.com.br\/en\/letra-ate-amanha-bk\/","title":{"rendered":"Letra &#8220;At\u00e9 Amanh\u00e3&#8221; &#8211; BK"},"content":{"rendered":"<p>O rapper BK\u2019 anunciou para esta ter\u00e7a-feira, dia 16, o lan\u00e7amento de seu novo projeto, <strong>Produto do Ambiente Mixtape<\/strong>. Composto por 11 faixas \u2014 sendo dez in\u00e9ditas e um remix \u2014, o trabalho chega com a proposta de fortalecer ainda mais a presen\u00e7a do artista no hip hop nacional.<\/p>\n\n\n\n<p>A mixtape re\u00fane produ\u00e7\u00f5es assinadas por JXNV$, Paulo DK, $amuka, Nansy Silvvz e Sain, al\u00e9m de participa\u00e7\u00f5es de Old Dirty Bacon, PHANE, OPhael, 2ZDinizz e Anchietx. O projeto inclui ainda o remix oficial de \u201cAm\u00e9m, Am\u00e9m\u201d, faixa originalmente apresentada em <em>Diamantes, L\u00e1grimas e Rostos para Esquecer<\/em> (2025), agora repaginada pelo duo Deekapz.<\/p>\n\n\n\n<figure class=\"wp-block-embed is-type-video is-provider-youtube wp-block-embed-youtube wp-embed-aspect-4-3 wp-has-aspect-ratio\"><div class=\"wp-block-embed__wrapper\">\n<iframe loading=\"lazy\" title=\"At\u00e9 Amanh\u00e3\" width=\"880\" height=\"660\" src=\"https:\/\/www.youtube.com\/embed\/VJ7G7ggyIvE?feature=oembed\" frameborder=\"0\" allow=\"accelerometer; autoplay; clipboard-write; encrypted-media; gyroscope; picture-in-picture; web-share\" referrerpolicy=\"strict-origin-when-cross-origin\" allowfullscreen><\/iframe>\n<\/div><\/figure>\n\n\n\n<h3 class=\"wp-block-heading\">Letra &#8220;At\u00e9 Amanh\u00e3&#8221; &#8211; BK<\/h3>\n\n\n\n<p>Voc\u00ea achava que ele era quieto e t\u00edmido<br>E ele s\u00f3 observava<br>Pra ser o mais esperto, ter mais ritmo<br>Foda-se a escassez, culpa ou d\u00favida<br>Fazer pela cultura<br>\u00c9 aumentar a expectativa de vida<br>Nascido na beira do abismo<br>Onde o perigo \u00e9 de verdade<br>Tive que voar mesmo com a gravidade<br>\u00c0s vezes cora\u00e7\u00e3o partido<br>\u00c0s vezes golpe de direita<br>O que nos tiraram com a caneta<br>N\u00f3s recuperamos com a caneta<br>N\u00e3o \u00e9 ter f\u00e9 em qualquer coisa<br>Mas tive que crer em algo (\u00e9)<br>Pra n\u00e3o cair por qualquer coisa<br>Na minha mente tem maldade<br>Pra no seu peito eu n\u00e3o virar saudade<br>Escalar pra n\u00e3o escorrer o escarlate<br>N\u00e3o posso duvidar da mente que pensa o caminho<br>Dos p\u00e9s que n\u00e3o cansam<br>Fa\u00e7a chuva, sol ou frio<br>Os inimigos (ham)<br>Que nunca foram motivo<br>Mas tamb\u00e9m foram combust\u00edvel (houf)<\/p>\n\n\n\n<p>E ela diz assim<br>E ela diz assim<br>Alegria vem pela manh\u00e3<\/p>\n\n\n\n<p>E ela diz assim<br>E ela diz assim<br>Alegria vem pela manh\u00e3<\/p>\n\n\n\n<p>E ela diz assim<br>E ela diz assim<br>Alegria vem pela manh\u00e3<\/p>\n\n\n\n<p>E ela diz assim<br>E ela diz assim<br>Alegria vem pela manh\u00e3<\/p>\n\n\n\n<p>Ter que abandonar quem n\u00e3o pode continuar<br>Sen\u00e3o eu tamb\u00e9m vou sangrar<br>Se tento te explicar que \u00e9 uma corrida contra o tempo<br>J\u00e1 me parece perda de tempo<br>Eu n\u00e3o entendo o campo de batalha<br>Meu dem\u00f4nio mais perigoso se chama ego<br>\u00c9 maior do que o medo e a pregui\u00e7a<br>Agora \u00e9 o chefe da fam\u00edlia<br>Sa\u00ed da rua escura entrei na rua sem sa\u00edda (sem sa\u00edda)<br>Posso ser o eclipse ou tra\u00e7antes no c\u00e9u<br>Dizem que a vida \u00e9 filme eu s\u00f3 quero meu papel<br>Muita f\u00e9 zero religi\u00e3o<br>\u00danico ensinamento que vem sendo preso<br>\u00c9 o de fazer rebeli\u00e3o<br>N\u00e3o \u00e9 s\u00f3 ambi\u00e7\u00e3o<br>Ou apetite louco<br>Pra quem t\u00e1 apostando a vida<br>Qualquer lucro \u00e9 pouco<br>Eu sou um produto do ambiente<br>Igual os crente, os cracudo, os vagabundo<br>E o inocente que acha que vai mudar o mundo<\/p>\n\n\n\n<p>E ela diz assim<br>E ela diz assim<br>Alegria vem pela manh\u00e3<\/p>\n\n\n\n<p>E ela diz assim<br>E ela diz assim<br>Alegria vem pela manh\u00e3<\/p>\n\n\n\n<p>E ela diz assim<br>E ela diz assim<br>Alegria vem pela manh\u00e3<\/p>\n\n\n\n<p>E ela diz assim<br>E ela diz assim<br>Alegria vem pela manh\u00e3<\/p>","protected":false},"excerpt":{"rendered":"<p>O rapper BK\u2019 anunciou para esta ter\u00e7a-feira, dia 16, o lan\u00e7amento de seu novo projeto, Produto do Ambiente Mixtape. Composto por 11 faixas \u2014 sendo dez in\u00e9ditas e um remix \u2014, o trabalho chega com a proposta de fortalecer ainda mais a presen\u00e7a do artista no hip hop nacional. A mixtape re\u00fane produ\u00e7\u00f5es assinadas por [&hellip;]<\/p>\n","protected":false},"author":2,"featured_media":278477,"comment_status":"closed","ping_status":"closed","sticky":false,"template":"","format":"standard","meta":{"footnotes":""},"categories":[154],"tags":[7459],"class_list":["post-278476","post","type-post","status-publish","format-standard","has-post-thumbnail","hentry","category-musica","tag-bk"],"_links":{"self":[{"href":"https:\/\/portalpopmais.com.br\/en\/wp-json\/wp\/v2\/posts\/278476","targetHints":{"allow":["GET"]}}],"collection":[{"href":"https:\/\/portalpopmais.com.br\/en\/wp-json\/wp\/v2\/posts"}],"about":[{"href":"https:\/\/portalpopmais.com.br\/en\/wp-json\/wp\/v2\/types\/post"}],"author":[{"embeddable":true,"href":"https:\/\/portalpopmais.com.br\/en\/wp-json\/wp\/v2\/users\/2"}],"replies":[{"embeddable":true,"href":"https:\/\/portalpopmais.com.br\/en\/wp-json\/wp\/v2\/comments?post=278476"}],"version-history":[{"count":0,"href":"https:\/\/portalpopmais.com.br\/en\/wp-json\/wp\/v2\/posts\/278476\/revisions"}],"wp:featuredmedia":[{"embeddable":true,"href":"https:\/\/portalpopmais.com.br\/en\/wp-json\/wp\/v2\/media\/278477"}],"wp:attachment":[{"href":"https:\/\/portalpopmais.com.br\/en\/wp-json\/wp\/v2\/media?parent=278476"}],"wp:term":[{"taxonomy":"category","embeddable":true,"href":"https:\/\/portalpopmais.com.br\/en\/wp-json\/wp\/v2\/categories?post=278476"},{"taxonomy":"post_tag","embeddable":true,"href":"https:\/\/portalpopmais.com.br\/en\/wp-json\/wp\/v2\/tags?post=278476"}],"curies":[{"name":"wp","href":"https:\/\/api.w.org\/{rel}","templated":true}]}}