{"id":279003,"date":"2025-12-18T11:54:12","date_gmt":"2025-12-18T14:54:12","guid":{"rendered":"https:\/\/portalpopmais.com.br\/?p=279003"},"modified":"2025-12-18T11:54:15","modified_gmt":"2025-12-18T14:54:15","slug":"daniel-as-lanca-delirio-segundo-single-do-album-farsa","status":"publish","type":"post","link":"https:\/\/portalpopmais.com.br\/en\/daniel-as-lanca-delirio-segundo-single-do-album-farsa\/","title":{"rendered":"Daniel \u00c1s lan\u00e7a \u201cDel\u00edrio\u201d, segundo single do \u00e1lbum Farsa"},"content":{"rendered":"<p>O cantor e compositor portugu\u00eas <strong><a href=\"https:\/\/portalpopmais.com.br\/en\/ivete-sangalo-anuncia-fim-do-casamento-com-daniel-cady\/\" data-type=\"post\" data-id=\"276119\">Daniel \u00c1s<\/a><\/strong> apresenta \u201c<a href=\"https:\/\/www.youtube.com\/watch?v=c3Hh5-mBVsI\" target=\"_blank\" rel=\"noopener\">Del\u00edrio<\/a>\u201d, o segundo single do seu pr\u00f3ximo \u00e1lbum, <em>Farsa<\/em>. A nova can\u00e7\u00e3o surge como uma continua\u00e7\u00e3o art\u00edstica de \u201cEgo\u00edsta\u201d, o single de estreia, e aprofunda o universo sonoro e emocional que o m\u00fasico vem construindo.<\/p>\n\n\n\n<p>Com uma identidade musical que oscila entre o sonho e a lucidez, Daniel \u00c1s explora nas suas composi\u00e7\u00f5es a fronteira delicada entre fragilidade e coragem. As suas can\u00e7\u00f5es destacam-se pelos vocais crus, letras honestas e arranjos que misturam piano, guitarras e sintetizadores, criando uma atmosfera intimista e envolvente.<\/p>\n\n\n\n<figure class=\"wp-block-embed is-type-video is-provider-youtube wp-block-embed-youtube wp-embed-aspect-16-9 wp-has-aspect-ratio\"><div class=\"wp-block-embed__wrapper\">\n<iframe loading=\"lazy\" title=\"Daniel \u00c1s - Del\u00edrio (Lyric Video Oficial)\" width=\"880\" height=\"495\" src=\"https:\/\/www.youtube.com\/embed\/c3Hh5-mBVsI?feature=oembed\" frameborder=\"0\" allow=\"accelerometer; autoplay; clipboard-write; encrypted-media; gyroscope; picture-in-picture; web-share\" referrerpolicy=\"strict-origin-when-cross-origin\" allowfullscreen><\/iframe>\n<\/div><\/figure>\n\n\n\n<p>\u201cDel\u00edrio\u201d \u00e9 descrita como um mergulho \u00edntimo na linha t\u00e9nue entre o real e o imaginado, refletindo conflitos internos, perce\u00e7\u00f5es distorcidas e emo\u00e7\u00f5es \u00e0 flor da pele. A faixa antecipa o tom conceptual de <em>Farsa<\/em>, um \u00e1lbum que promete explorar narrativas emocionais profundas e estados psicol\u00f3gicos contrastantes.<\/p>\n\n\n\n<p>Com este novo lan\u00e7amento, Daniel \u00c1s refor\u00e7a a sua posi\u00e7\u00e3o como uma voz emergente da m\u00fasica portuguesa, apostando numa abordagem sens\u00edvel e aut\u00eantica que convida o ouvinte \u00e0 introspe\u00e7\u00e3o.<\/p>","protected":false},"excerpt":{"rendered":"<p>O cantor e compositor portugu\u00eas Daniel \u00c1s apresenta \u201cDel\u00edrio\u201d, o segundo single do seu pr\u00f3ximo \u00e1lbum, Farsa. A nova can\u00e7\u00e3o surge como uma continua\u00e7\u00e3o art\u00edstica de \u201cEgo\u00edsta\u201d, o single de estreia, e aprofunda o universo sonoro e emocional que o m\u00fasico vem construindo. Com uma identidade musical que oscila entre o sonho e a lucidez, [&hellip;]<\/p>\n","protected":false},"author":1,"featured_media":279004,"comment_status":"closed","ping_status":"closed","sticky":false,"template":"","format":"standard","meta":{"footnotes":""},"categories":[11936],"tags":[20139],"class_list":["post-279003","post","type-post","status-publish","format-standard","has-post-thumbnail","hentry","category-groover","tag-daniel-as"],"_links":{"self":[{"href":"https:\/\/portalpopmais.com.br\/en\/wp-json\/wp\/v2\/posts\/279003","targetHints":{"allow":["GET"]}}],"collection":[{"href":"https:\/\/portalpopmais.com.br\/en\/wp-json\/wp\/v2\/posts"}],"about":[{"href":"https:\/\/portalpopmais.com.br\/en\/wp-json\/wp\/v2\/types\/post"}],"author":[{"embeddable":true,"href":"https:\/\/portalpopmais.com.br\/en\/wp-json\/wp\/v2\/users\/1"}],"replies":[{"embeddable":true,"href":"https:\/\/portalpopmais.com.br\/en\/wp-json\/wp\/v2\/comments?post=279003"}],"version-history":[{"count":0,"href":"https:\/\/portalpopmais.com.br\/en\/wp-json\/wp\/v2\/posts\/279003\/revisions"}],"wp:featuredmedia":[{"embeddable":true,"href":"https:\/\/portalpopmais.com.br\/en\/wp-json\/wp\/v2\/media\/279004"}],"wp:attachment":[{"href":"https:\/\/portalpopmais.com.br\/en\/wp-json\/wp\/v2\/media?parent=279003"}],"wp:term":[{"taxonomy":"category","embeddable":true,"href":"https:\/\/portalpopmais.com.br\/en\/wp-json\/wp\/v2\/categories?post=279003"},{"taxonomy":"post_tag","embeddable":true,"href":"https:\/\/portalpopmais.com.br\/en\/wp-json\/wp\/v2\/tags?post=279003"}],"curies":[{"name":"wp","href":"https:\/\/api.w.org\/{rel}","templated":true}]}}