{"id":280578,"date":"2025-12-24T06:20:52","date_gmt":"2025-12-24T09:20:52","guid":{"rendered":"https:\/\/portalpopmais.com.br\/?p=280578"},"modified":"2025-12-24T06:20:54","modified_gmt":"2025-12-24T09:20:54","slug":"apos-separacao-paolla-oliveira-lamenta-morte-do-avo-materno","status":"publish","type":"post","link":"https:\/\/portalpopmais.com.br\/en\/apos-separacao-paolla-oliveira-lamenta-morte-do-avo-materno\/","title":{"rendered":"Ap\u00f3s separa\u00e7\u00e3o, Paolla Oliveira lamenta morte do av\u00f4 materno"},"content":{"rendered":"<p>Paolla Oliveira usou as redes sociais nesta ter\u00e7a-feira (23) para lamentar a morte do av\u00f4 materno. A atriz n\u00e3o revelou a causa do falecimento, mas prestou uma homenagem ao familiar ao compartilhar registros de momentos descontra\u00eddos ao lado dele e recordar o carinho que recebia.<\/p>\n\n\n\n<p>\u201cCom amor da \u2018artista\u2019, como voc\u00ea me chamava. Vai em paz, v\u00f4\u201d, escreveu Paolla na publica\u00e7\u00e3o, emocionando f\u00e3s e seguidores.<\/p>\n\n\n<div class=\"wp-block-image\">\n<figure class=\"aligncenter size-full\"><img loading=\"lazy\" decoding=\"async\" width=\"774\" height=\"1376\" src=\"https:\/\/portalpopmais.com.br\/wp-content\/uploads\/2025\/12\/image-245.png\" alt=\"\" class=\"wp-image-280579\" title=\"\" srcset=\"https:\/\/portalpopmais.com.br\/wp-content\/uploads\/2025\/12\/image-245.png 774w, https:\/\/portalpopmais.com.br\/wp-content\/uploads\/2025\/12\/image-245-768x1365.png 768w, https:\/\/portalpopmais.com.br\/wp-content\/uploads\/2025\/12\/image-245-7x12.png 7w\" sizes=\"auto, (max-width: 774px) 100vw, 774px\" \/><figcaption class=\"wp-element-caption\">Paolla Oliveira lamenta morte do av\u00f4 &#8211; Foto: Reprodu\u00e7\u00e3o\/Instagram<\/figcaption><\/figure>\n<\/div>\n\n\n<p>Al\u00e9m da atriz, o irm\u00e3o dela, Juliano Oliveira, tamb\u00e9m se manifestou nas redes sociais. Em mensagem de despedida, ele destacou a import\u00e2ncia de valorizar os familiares mais velhos. \u201cZelem pelos anci\u00f5es das suas fam\u00edlias. Hoje, perdi meu s\u00e1bio av\u00f4 materno. Nunca esperem o amanh\u00e3, pois somente o hoje existe\u201d, escreveu.<\/p>\n\n\n\n<p>A homenagem ao av\u00f4 foi publicada um dia ap\u00f3s Paolla anunciar o fim do relacionamento com o cantor Diogo Nogueira. O casal esteve junto por quase cinco anos e informou que a decis\u00e3o foi tomada de forma madura e respeitosa, sem um motivo espec\u00edfico para o rompimento.<\/p>\n\n\n\n<p>\u201cForam quase cinco anos de uma hist\u00f3ria que agora chega a um final feliz, n\u00e3o como nos contos, mas como foi tudo na nossa vida: real, intenso e cheio de amor\u201d, dizia o comunicado divulgado pelo ex-casal. Na mensagem, eles refor\u00e7aram que a separa\u00e7\u00e3o ocorreu de maneira tranquila e pediram sensibilidade e privacidade neste momento.<\/p>","protected":false},"excerpt":{"rendered":"<p>Paolla Oliveira usou as redes sociais nesta ter\u00e7a-feira (23) para lamentar a morte do av\u00f4 materno. A atriz n\u00e3o revelou a causa do falecimento, mas prestou uma homenagem ao familiar ao compartilhar registros de momentos descontra\u00eddos ao lado dele e recordar o carinho que recebia. \u201cCom amor da \u2018artista\u2019, como voc\u00ea me chamava. Vai em [&hellip;]<\/p>\n","protected":false},"author":1,"featured_media":280580,"comment_status":"closed","ping_status":"closed","sticky":false,"template":"","format":"standard","meta":{"footnotes":""},"categories":[173],"tags":[7184],"class_list":["post-280578","post","type-post","status-publish","format-standard","has-post-thumbnail","hentry","category-celebridades","tag-paolla-oliveira"],"_links":{"self":[{"href":"https:\/\/portalpopmais.com.br\/en\/wp-json\/wp\/v2\/posts\/280578","targetHints":{"allow":["GET"]}}],"collection":[{"href":"https:\/\/portalpopmais.com.br\/en\/wp-json\/wp\/v2\/posts"}],"about":[{"href":"https:\/\/portalpopmais.com.br\/en\/wp-json\/wp\/v2\/types\/post"}],"author":[{"embeddable":true,"href":"https:\/\/portalpopmais.com.br\/en\/wp-json\/wp\/v2\/users\/1"}],"replies":[{"embeddable":true,"href":"https:\/\/portalpopmais.com.br\/en\/wp-json\/wp\/v2\/comments?post=280578"}],"version-history":[{"count":0,"href":"https:\/\/portalpopmais.com.br\/en\/wp-json\/wp\/v2\/posts\/280578\/revisions"}],"wp:featuredmedia":[{"embeddable":true,"href":"https:\/\/portalpopmais.com.br\/en\/wp-json\/wp\/v2\/media\/280580"}],"wp:attachment":[{"href":"https:\/\/portalpopmais.com.br\/en\/wp-json\/wp\/v2\/media?parent=280578"}],"wp:term":[{"taxonomy":"category","embeddable":true,"href":"https:\/\/portalpopmais.com.br\/en\/wp-json\/wp\/v2\/categories?post=280578"},{"taxonomy":"post_tag","embeddable":true,"href":"https:\/\/portalpopmais.com.br\/en\/wp-json\/wp\/v2\/tags?post=280578"}],"curies":[{"name":"wp","href":"https:\/\/api.w.org\/{rel}","templated":true}]}}