{"id":280600,"date":"2025-12-24T06:50:25","date_gmt":"2025-12-24T09:50:25","guid":{"rendered":"https:\/\/portalpopmais.com.br\/?p=280600"},"modified":"2025-12-24T06:50:27","modified_gmt":"2025-12-24T09:50:27","slug":"morre-jogador-sebastian-hertner","status":"publish","type":"post","link":"https:\/\/portalpopmais.com.br\/en\/morre-jogador-sebastian-hertner\/","title":{"rendered":"Jogador de futebol morre ap\u00f3s queda de 70 metros em acidente durante f\u00e9rias"},"content":{"rendered":"<p class=\"wp-block-paragraph\">O futebol alem\u00e3o est\u00e1 de luto. O jogador <strong><a href=\"https:\/\/portalpopmais.com.br\/en\/trends\/sebastian-hertner\/\" data-type=\"post_tag\" data-id=\"20168\">Sebastian Hertner<\/a><\/strong>, que atuava na quinta divis\u00e3o do pa\u00eds, morreu no \u00faltimo domingo ap\u00f3s sofrer um grave acidente em uma esta\u00e7\u00e3o de esqui em Montenegro. O atleta caiu de uma altura aproximada de 70 metros enquanto utilizava um telef\u00e9rico e n\u00e3o resistiu aos ferimentos.<\/p>\n\n\n\n<p class=\"wp-block-paragraph\">Hertner, que defendia o ETSV Hamburgo, estava de f\u00e9rias ao lado da esposa quando ocorreu o acidente. Segundo informa\u00e7\u00f5es do jornal alem\u00e3o <em>Bild<\/em>, uma das cadeiras do telef\u00e9rico se desprendeu do cabo e colidiu com a cadeira ocupada pelo jogador. Com o impacto, Sebastian caiu da estrutura e morreu no local.<\/p>\n\n\n<div class=\"wp-block-image\">\n<figure class=\"aligncenter size-full\"><img loading=\"lazy\" decoding=\"async\" width=\"984\" height=\"656\" src=\"https:\/\/portalpopmais.com.br\/wp-content\/uploads\/2025\/12\/image-258.png\" alt=\"\" class=\"wp-image-280603\" title=\"\" srcset=\"https:\/\/portalpopmais.com.br\/wp-content\/uploads\/2025\/12\/image-258.png 984w, https:\/\/portalpopmais.com.br\/wp-content\/uploads\/2025\/12\/image-258-768x512.png 768w, https:\/\/portalpopmais.com.br\/wp-content\/uploads\/2025\/12\/image-258-18x12.png 18w\" sizes=\"auto, (max-width: 984px) 100vw, 984px\" \/><figcaption class=\"wp-element-caption\">Sebastian Hertner atuava na quinta divis\u00e3o inglesa e jamais disputou a Bundesliga \u2014 Foto: Getty Images<br><\/figcaption><\/figure>\n<\/div>\n\n\n<p class=\"wp-block-paragraph\">A esposa do atleta tamb\u00e9m se feriu no acidente. Ela ficou presa \u00e0 cadeira do telef\u00e9rico e sofreu uma fratura na perna, sendo socorrida pelas equipes de resgate.<\/p>\n\n\n\n<p class=\"wp-block-paragraph\">Em nota oficial publicada nas redes sociais, o ETSV Hamburgo lamentou profundamente a morte do jogador, que era capit\u00e3o da equipe. \u201c\u00c9 com grande tristeza que anunciamos que nosso capit\u00e3o, Sebastian Hertner, sofreu um acidente fatal enquanto estava de f\u00e9rias. Estamos atordoados e profundamente entristecidos. Nossas condol\u00eancias \u00e0 fam\u00edlia e aos entes queridos\u201d, escreveu o clube.<\/p>\n\n\n\n<p class=\"wp-block-paragraph\">Sebastian Hertner foi revelado nas categorias de base do Stuttgart e chegou a integrar a sele\u00e7\u00e3o alem\u00e3 sub-19. Ao longo da carreira, passou por clubes como 1860 M\u00fcnchen e Darmstadt, tendo atuado na segunda divis\u00e3o do futebol alem\u00e3o, embora nunca tenha disputado partidas pela Bundesliga.<\/p>\n\n\n\n<p class=\"wp-block-paragraph\"><\/p>","protected":false},"excerpt":{"rendered":"<p>O futebol alem\u00e3o est\u00e1 de luto. O jogador Sebastian Hertner, que atuava na quinta divis\u00e3o do pa\u00eds, morreu no \u00faltimo domingo ap\u00f3s sofrer um grave acidente em uma esta\u00e7\u00e3o de esqui em Montenegro. O atleta caiu de uma altura aproximada de 70 metros enquanto utilizava um telef\u00e9rico e n\u00e3o resistiu aos ferimentos. Hertner, que defendia [&hellip;]<\/p>\n","protected":false},"author":1,"featured_media":280601,"comment_status":"closed","ping_status":"closed","sticky":false,"template":"","format":"standard","meta":{"footnotes":""},"categories":[18685],"tags":[18550,20168],"class_list":["post-280600","post","type-post","status-publish","format-standard","has-post-thumbnail","hentry","category-esporte","tag-destaque","tag-sebastian-hertner"],"_links":{"self":[{"href":"https:\/\/portalpopmais.com.br\/en\/wp-json\/wp\/v2\/posts\/280600","targetHints":{"allow":["GET"]}}],"collection":[{"href":"https:\/\/portalpopmais.com.br\/en\/wp-json\/wp\/v2\/posts"}],"about":[{"href":"https:\/\/portalpopmais.com.br\/en\/wp-json\/wp\/v2\/types\/post"}],"author":[{"embeddable":true,"href":"https:\/\/portalpopmais.com.br\/en\/wp-json\/wp\/v2\/users\/1"}],"replies":[{"embeddable":true,"href":"https:\/\/portalpopmais.com.br\/en\/wp-json\/wp\/v2\/comments?post=280600"}],"version-history":[{"count":0,"href":"https:\/\/portalpopmais.com.br\/en\/wp-json\/wp\/v2\/posts\/280600\/revisions"}],"wp:featuredmedia":[{"embeddable":true,"href":"https:\/\/portalpopmais.com.br\/en\/wp-json\/wp\/v2\/media\/280601"}],"wp:attachment":[{"href":"https:\/\/portalpopmais.com.br\/en\/wp-json\/wp\/v2\/media?parent=280600"}],"wp:term":[{"taxonomy":"category","embeddable":true,"href":"https:\/\/portalpopmais.com.br\/en\/wp-json\/wp\/v2\/categories?post=280600"},{"taxonomy":"post_tag","embeddable":true,"href":"https:\/\/portalpopmais.com.br\/en\/wp-json\/wp\/v2\/tags?post=280600"}],"curies":[{"name":"wp","href":"https:\/\/api.w.org\/{rel}","templated":true}]}}