{"id":280631,"date":"2025-12-24T08:16:25","date_gmt":"2025-12-24T11:16:25","guid":{"rendered":"https:\/\/portalpopmais.com.br\/?p=280631"},"modified":"2025-12-24T08:16:28","modified_gmt":"2025-12-24T11:16:28","slug":"ex-senador-ben-sasse-anuncia-diagnostico-de-cancer-terminal-vou-morrer","status":"publish","type":"post","link":"https:\/\/portalpopmais.com.br\/en\/ex-senador-ben-sasse-anuncia-diagnostico-de-cancer-terminal-vou-morrer\/","title":{"rendered":"Ex-senador Ben Sasse anuncia diagn\u00f3stico de c\u00e2ncer terminal: &#8220;Vou morrer&#8221;"},"content":{"rendered":"<p>O ex-senador republicano dos Estados Unidos Ben Sasse revelou nesta ter\u00e7a-feira (23) que foi diagnosticado com c\u00e2ncer pancre\u00e1tico metast\u00e1tico em est\u00e1gio quatro, considerado terminal. O an\u00fancio foi feito em uma mensagem publicada nas redes sociais, na qual o pol\u00edtico falou de forma direta sobre a gravidade da doen\u00e7a.<\/p>\n\n\n\n<p>\u201cComo muitos de voc\u00eas j\u00e1 come\u00e7aram a suspeitar de algo, vou direto ao ponto\u201d, escreveu Sasse, de 53 anos. \u201cNa semana passada, fui diagnosticado com c\u00e2ncer pancre\u00e1tico metast\u00e1tico em est\u00e1gio quatro\u201d, afirmou, acrescentando que o progn\u00f3stico \u00e9 fatal.<\/p>\n\n\n\n<p>Sasse representou o estado do Nebraska no Senado norte-americano entre 2015 e 2023. Ap\u00f3s deixar o Congresso, assumiu a reitoria da Universidade da Fl\u00f3rida, em novembro de 2022, mas renunciou ao cargo no ano seguinte para se dedicar \u00e0 fam\u00edlia. \u00c0 \u00e9poca, ele informou que a esposa, Melissa, enfrentava s\u00e9rios problemas de sa\u00fade. Em 2007, ela sofreu um aneurisma e uma s\u00e9rie de acidentes vasculares cerebrais (AVCs) e, mais recentemente, foi diagnosticada com epilepsia.<\/p>\n\n\n\n<p>Formado por institui\u00e7\u00f5es como Harvard, St. John\u2019s College e Yale, Ben Sasse construiu uma carreira pol\u00edtica marcada pelo conservadorismo e por uma postura cr\u00edtica em rela\u00e7\u00e3o a diferentes correntes do cen\u00e1rio pol\u00edtico norte-americano. Ganhou destaque nacional por se posicionar contra o ent\u00e3o presidente Donald Trump em momentos-chave.<\/p>\n\n\n\n<p>Em fevereiro de 2021, Sasse foi um dos sete senadores republicanos que votaram pela condena\u00e7\u00e3o de Trump por incita\u00e7\u00e3o \u00e0 insurrei\u00e7\u00e3o, no segundo processo de impeachment, ap\u00f3s a invas\u00e3o do Capit\u00f3lio. Apesar disso, a vota\u00e7\u00e3o n\u00e3o alcan\u00e7ou o n\u00famero necess\u00e1rio para a condena\u00e7\u00e3o. No primeiro impeachment, em 2020, ele havia votado pela absolvi\u00e7\u00e3o, alinhando-se \u00e0 maioria de seu partido.<\/p>\n\n\n\n<p>Na mensagem em que tornou p\u00fablico o diagn\u00f3stico, o ex-senador afirmou que a not\u00edcia tem um impacto profundo em sua vida pessoal. \u201cIsso \u00e9 dif\u00edcil para algu\u00e9m que nasceu para trabalhar e construir, mas ainda mais dif\u00edcil como marido e pai\u201d, escreveu. Casado, Sasse \u00e9 pai de tr\u00eas filhos.<\/p>\n\n\n\n<p>Ele tamb\u00e9m recorreu \u00e0 f\u00e9 para refletir sobre o momento. \u201cN\u00e3o existe um bom momento para dizer aos seus amigos que voc\u00ea agora est\u00e1 seguindo um ritmo mais acelerado, mas o per\u00edodo do Advento n\u00e3o \u00e9 o pior\u201d, afirmou. \u201cComo crist\u00e3o, as semanas que antecedem o Natal s\u00e3o um tempo para orientar nossos cora\u00e7\u00f5es para a esperan\u00e7a do que est\u00e1 por vir.\u201d<\/p>\n\n\n\n<figure class=\"wp-block-embed is-type-rich is-provider-twitter wp-block-embed-twitter\"><div class=\"wp-block-embed__wrapper\">\n<blockquote class=\"twitter-tweet\" data-width=\"550\" data-dnt=\"true\"><p lang=\"en\" dir=\"ltr\">Friends-<br><br>This is a tough note to write, but since a bunch of you have started to suspect something, I\u2019ll cut to the chase: Last week I was diagnosed with metastasized, stage-four pancreatic cancer, and am gonna die. <br><br>Advanced pancreatic is nasty stuff; it\u2019s a death sentence.\u2026<\/p>&mdash; Ben Sasse (@BenSasse) <a href=\"https:\/\/twitter.com\/BenSasse\/status\/2003483746540965891?ref_src=twsrc%5Etfw\" target=\"_blank\" rel=\"noopener\">December 23, 2025<\/a><\/blockquote><script async src=\"https:\/\/platform.twitter.com\/widgets.js\" charset=\"utf-8\"><\/script>\n<\/div><\/figure>","protected":false},"excerpt":{"rendered":"<p>O ex-senador republicano dos Estados Unidos Ben Sasse revelou nesta ter\u00e7a-feira (23) que foi diagnosticado com c\u00e2ncer pancre\u00e1tico metast\u00e1tico em est\u00e1gio quatro, considerado terminal. O an\u00fancio foi feito em uma mensagem publicada nas redes sociais, na qual o pol\u00edtico falou de forma direta sobre a gravidade da doen\u00e7a. \u201cComo muitos de voc\u00eas j\u00e1 come\u00e7aram a [&hellip;]<\/p>\n","protected":false},"author":1,"featured_media":280632,"comment_status":"closed","ping_status":"closed","sticky":false,"template":"","format":"standard","meta":{"footnotes":""},"categories":[2165],"tags":[20171],"class_list":["post-280631","post","type-post","status-publish","format-standard","has-post-thumbnail","hentry","category-noticias","tag-ben-sasse"],"_links":{"self":[{"href":"https:\/\/portalpopmais.com.br\/en\/wp-json\/wp\/v2\/posts\/280631","targetHints":{"allow":["GET"]}}],"collection":[{"href":"https:\/\/portalpopmais.com.br\/en\/wp-json\/wp\/v2\/posts"}],"about":[{"href":"https:\/\/portalpopmais.com.br\/en\/wp-json\/wp\/v2\/types\/post"}],"author":[{"embeddable":true,"href":"https:\/\/portalpopmais.com.br\/en\/wp-json\/wp\/v2\/users\/1"}],"replies":[{"embeddable":true,"href":"https:\/\/portalpopmais.com.br\/en\/wp-json\/wp\/v2\/comments?post=280631"}],"version-history":[{"count":0,"href":"https:\/\/portalpopmais.com.br\/en\/wp-json\/wp\/v2\/posts\/280631\/revisions"}],"wp:featuredmedia":[{"embeddable":true,"href":"https:\/\/portalpopmais.com.br\/en\/wp-json\/wp\/v2\/media\/280632"}],"wp:attachment":[{"href":"https:\/\/portalpopmais.com.br\/en\/wp-json\/wp\/v2\/media?parent=280631"}],"wp:term":[{"taxonomy":"category","embeddable":true,"href":"https:\/\/portalpopmais.com.br\/en\/wp-json\/wp\/v2\/categories?post=280631"},{"taxonomy":"post_tag","embeddable":true,"href":"https:\/\/portalpopmais.com.br\/en\/wp-json\/wp\/v2\/tags?post=280631"}],"curies":[{"name":"wp","href":"https:\/\/api.w.org\/{rel}","templated":true}]}}