{"id":280635,"date":"2025-12-24T09:20:52","date_gmt":"2025-12-24T12:20:52","guid":{"rendered":"https:\/\/portalpopmais.com.br\/?p=280635"},"modified":"2025-12-24T09:20:54","modified_gmt":"2025-12-24T12:20:54","slug":"fiuk-surge-com-rosto-machucado-nas-redes-sociais-e-preocupa-fas-em-meio-a-polemicas","status":"publish","type":"post","link":"https:\/\/portalpopmais.com.br\/en\/fiuk-surge-com-rosto-machucado-nas-redes-sociais-e-preocupa-fas-em-meio-a-polemicas\/","title":{"rendered":"Fiuk surge com rosto machucado nas redes sociais e preocupa f\u00e3s em meio a pol\u00eamicas"},"content":{"rendered":"<p>Fiuk, de 35 anos, causou preocupa\u00e7\u00e3o entre seus seguidores na manh\u00e3 desta ter\u00e7a-feira (24), v\u00e9spera de Natal, ao publicar uma foto nas redes sociais em que aparece com o rosto visivelmente machucado e com marcas de sangue. A imagem, acompanhada da legenda \u201cQue mundo \u00e9 esse, por favor, nossa senhora?\u201d, rapidamente gerou apreens\u00e3o entre f\u00e3s e amigos.<\/p>\n\n\n\n<p>Com mais de 5 milh\u00f5es de seguidores, o cantor e ator recebeu uma enxurrada de coment\u00e1rios questionando o que teria acontecido. \u201cSofreu um acidente?\u201d, perguntou um internauta. \u201cAmigo, o que houve? Me liga!\u201d, escreveu outro. Enquanto alguns demonstraram preocupa\u00e7\u00e3o, outros levantaram hip\u00f3teses de que se tratava de maquiagem ou de alguma grava\u00e7\u00e3o em andamento.<\/p>\n\n\n<div class=\"wp-block-image\">\n<figure class=\"aligncenter size-full\"><img loading=\"lazy\" decoding=\"async\" width=\"1000\" height=\"1332\" src=\"https:\/\/portalpopmais.com.br\/wp-content\/uploads\/2025\/12\/604129200-18552701476013265-5859016136447599364-n.jpg\" alt=\"\" class=\"wp-image-280637\" title=\"\" srcset=\"https:\/\/portalpopmais.com.br\/wp-content\/uploads\/2025\/12\/604129200-18552701476013265-5859016136447599364-n.jpg 1000w, https:\/\/portalpopmais.com.br\/wp-content\/uploads\/2025\/12\/604129200-18552701476013265-5859016136447599364-n-768x1023.jpg 768w, https:\/\/portalpopmais.com.br\/wp-content\/uploads\/2025\/12\/604129200-18552701476013265-5859016136447599364-n-9x12.jpg 9w\" sizes=\"auto, (max-width: 1000px) 100vw, 1000px\" \/><figcaption class=\"wp-element-caption\">Reprodu\u00e7\u00e3o<\/figcaption><\/figure>\n<\/div>\n\n\n<p>A repercuss\u00e3o da foto foi ainda maior por ter sido publicada em meio a um per\u00edodo conturbado na vida profissional do artista. Recentemente, Fiuk veio a p\u00fablico para falar sobre conflitos envolvendo a produ\u00e7\u00e3o do filme <em>Descontrole<\/em>, projeto que, segundo ele, tem grande import\u00e2ncia pessoal.<\/p>\n\n\n\n<p>O artista afirmou que o longa representa seu prop\u00f3sito de vida e que decidiu se pronunciar ap\u00f3s romper com a equipe do projeto. No \u00faltimo m\u00eas, ele relatou nas redes sociais que teria sido retirado de um filme inspirado em uma hist\u00f3ria pessoal ligada ao drift, esporte que pratica h\u00e1 mais de dez anos. De acordo com Fiuk, o projeto teria seguido adiante sem sua participa\u00e7\u00e3o, utilizando seu nome e trajet\u00f3ria em negocia\u00e7\u00f5es comerciais sem autoriza\u00e7\u00e3o.<\/p>\n\n\n\n<p>A produ\u00e7\u00e3o do filme, por sua vez, negou as acusa\u00e7\u00f5es e alegou que o cantor teria apresentado \u201cdesvios de conduta\u201d nos bastidores.<\/p>\n\n\n\n<p>Fiuk afirmou que tornar o caso p\u00fablico n\u00e3o foi uma decis\u00e3o f\u00e1cil. Segundo ele, a escolha aconteceu ap\u00f3s tentativas frustradas de resolver a situa\u00e7\u00e3o de forma reservada. O artista tamb\u00e9m destacou seu perfil mais sens\u00edvel e disse que sempre evitou conflitos, mas sentiu que precisava se posicionar para seguir em frente com o projeto.<\/p>\n\n\n\n<p>Ele relatou ainda que os problemas na produ\u00e7\u00e3o surgiram de forma gradual e que, inicialmente, tentou enxergar o lado positivo das pessoas envolvidas. Com o tempo, no entanto, percebeu que algo n\u00e3o estava indo bem, o que o levou a se decepcionar com situa\u00e7\u00f5es que, segundo ele, jamais imaginou vivenciar.<\/p>\n\n\n\n<p>At\u00e9 o momento, Fiuk n\u00e3o esclareceu o que motivou a imagem com o rosto machucado, que segue gerando especula\u00e7\u00f5es e preocupa\u00e7\u00e3o entre seus f\u00e3s.<\/p>\n\n\n\n<p><\/p>","protected":false},"excerpt":{"rendered":"<p>Fiuk, de 35 anos, causou preocupa\u00e7\u00e3o entre seus seguidores na manh\u00e3 desta ter\u00e7a-feira (24), v\u00e9spera de Natal, ao publicar uma foto nas redes sociais em que aparece com o rosto visivelmente machucado e com marcas de sangue. A imagem, acompanhada da legenda \u201cQue mundo \u00e9 esse, por favor, nossa senhora?\u201d, rapidamente gerou apreens\u00e3o entre f\u00e3s [&hellip;]<\/p>\n","protected":false},"author":1,"featured_media":280636,"comment_status":"closed","ping_status":"closed","sticky":false,"template":"","format":"standard","meta":{"footnotes":""},"categories":[173],"tags":[18550,588],"class_list":["post-280635","post","type-post","status-publish","format-standard","has-post-thumbnail","hentry","category-celebridades","tag-destaque","tag-fiuk"],"_links":{"self":[{"href":"https:\/\/portalpopmais.com.br\/en\/wp-json\/wp\/v2\/posts\/280635","targetHints":{"allow":["GET"]}}],"collection":[{"href":"https:\/\/portalpopmais.com.br\/en\/wp-json\/wp\/v2\/posts"}],"about":[{"href":"https:\/\/portalpopmais.com.br\/en\/wp-json\/wp\/v2\/types\/post"}],"author":[{"embeddable":true,"href":"https:\/\/portalpopmais.com.br\/en\/wp-json\/wp\/v2\/users\/1"}],"replies":[{"embeddable":true,"href":"https:\/\/portalpopmais.com.br\/en\/wp-json\/wp\/v2\/comments?post=280635"}],"version-history":[{"count":0,"href":"https:\/\/portalpopmais.com.br\/en\/wp-json\/wp\/v2\/posts\/280635\/revisions"}],"wp:featuredmedia":[{"embeddable":true,"href":"https:\/\/portalpopmais.com.br\/en\/wp-json\/wp\/v2\/media\/280636"}],"wp:attachment":[{"href":"https:\/\/portalpopmais.com.br\/en\/wp-json\/wp\/v2\/media?parent=280635"}],"wp:term":[{"taxonomy":"category","embeddable":true,"href":"https:\/\/portalpopmais.com.br\/en\/wp-json\/wp\/v2\/categories?post=280635"},{"taxonomy":"post_tag","embeddable":true,"href":"https:\/\/portalpopmais.com.br\/en\/wp-json\/wp\/v2\/tags?post=280635"}],"curies":[{"name":"wp","href":"https:\/\/api.w.org\/{rel}","templated":true}]}}