{"id":281006,"date":"2025-12-28T16:22:10","date_gmt":"2025-12-28T19:22:10","guid":{"rendered":"https:\/\/portalpopmais.com.br\/?p=281006"},"modified":"2025-12-28T16:22:12","modified_gmt":"2025-12-28T19:22:12","slug":"morre-louis-gerstner-ex-ceo-que-comandou-a-maior-virada-da-historia-da-ibm","status":"publish","type":"post","link":"https:\/\/portalpopmais.com.br\/en\/morre-louis-gerstner-ex-ceo-que-comandou-a-maior-virada-da-historia-da-ibm\/","title":{"rendered":"Morre Louis Gerstner, ex-CEO que comandou a maior virada da hist\u00f3ria da IBM"},"content":{"rendered":"<p>Louis Gerstner, ex-presidente do conselho e diretor-executivo da IBM, morreu no s\u00e1bado (data n\u00e3o divulgada), aos 83 anos. A morte foi comunicada no domingo pelo atual CEO e presidente do conselho da companhia, Arvind Krishna, em um e-mail enviado aos funcion\u00e1rios. A causa do falecimento n\u00e3o foi informada.<\/p>\n\n\n\n<p>Considerado um dos principais l\u00edderes da hist\u00f3ria da IBM, Gerstner assumiu o comando da empresa em abril de 1993, em um dos momentos mais cr\u00edticos de sua trajet\u00f3ria. \u00c0 \u00e9poca, a gigante da tecnologia enfrentava forte queda de receitas, preju\u00edzos bilion\u00e1rios e chegou a ser vista por analistas como candidata \u00e0 fal\u00eancia.<\/p>\n\n\n\n<p>Em mensagem aos funcion\u00e1rios, Arvind Krishna destacou o impacto decisivo da gest\u00e3o de Gerstner. \u201cLou chegou \u00e0 IBM em um momento em que o futuro da empresa era genuinamente incerto. Sua lideran\u00e7a durante aquele per\u00edodo remodelou a companhia, n\u00e3o olhando para tr\u00e1s, mas focando incansavelmente no que nossos clientes precisariam a seguir\u201d, escreveu.<\/p>\n\n\n\n<p>Gerstner foi o primeiro executivo externo a liderar a IBM, conhecida como \u201cBig Blue\u201d. Antes disso, havia sido CEO da RJR Nabisco e acumulava passagens pela American Express e pela consultoria McKinsey. Sua chegada marcou uma ruptura com a tradi\u00e7\u00e3o da empresa, que historicamente promovia apenas executivos formados internamente.<\/p>\n\n\n\n<p>Durante os nove anos em que esteve \u00e0 frente da IBM, Gerstner promoveu uma transforma\u00e7\u00e3o profunda no modelo de neg\u00f3cios da companhia. Ele liderou a mudan\u00e7a estrat\u00e9gica em dire\u00e7\u00e3o aos servi\u00e7os corporativos, reduziu custos, vendeu ativos considerados n\u00e3o estrat\u00e9gicos, recomprou a\u00e7\u00f5es e promoveu uma mudan\u00e7a cultural que colocou o cliente no centro das decis\u00f5es.<\/p>\n\n\n\n<p>O resultado foi uma das mais emblem\u00e1ticas recupera\u00e7\u00f5es do mundo corporativo. Quando Gerstner deixou o cargo de CEO, em 2002, as a\u00e7\u00f5es da IBM acumulavam valoriza\u00e7\u00e3o de cerca de 800% em rela\u00e7\u00e3o ao in\u00edcio de sua gest\u00e3o.<\/p>\n\n\n\n<p>Ap\u00f3s deixar a IBM, Gerstner tornou-se presidente do conselho do Carlyle Group, uma das maiores gestoras de investimentos do mundo, posi\u00e7\u00e3o que ocupou at\u00e9 se aposentar, em 2008.<\/p>\n\n\n\n<p>Autor do best-seller <strong>\u201cQuem Disse Que Elefantes N\u00e3o Podem Dan\u00e7ar?\u201d<\/strong>, no qual relata sua experi\u00eancia \u00e0 frente da IBM, Gerstner tamb\u00e9m foi coautor de <strong>\u201cReinventando a Educa\u00e7\u00e3o: Empreendedorismo nas Escolas P\u00fablicas Americanas\u201d<\/strong>. Ao longo da carreira, integrou conselhos de administra\u00e7\u00e3o de grandes empresas, como Bristol-Myers, The New York Times, American Express, AT&amp;T e Caterpillar.<\/p>\n\n\n\n<p>Defensor da educa\u00e7\u00e3o p\u00fablica nos Estados Unidos, Gerstner lan\u00e7ou iniciativas na IBM voltadas ao uso da tecnologia em escolas. Em 1989, fundou a Gerstner Philanthropies, organiza\u00e7\u00e3o que re\u00fane a Gerstner Family Foundation e apoia projetos nas \u00e1reas de pesquisa biom\u00e9dica, meio ambiente, educa\u00e7\u00e3o e servi\u00e7os sociais, com atua\u00e7\u00e3o em cidades como Nova York, Boston e no condado de Palm Beach, na Fl\u00f3rida.<\/p>","protected":false},"excerpt":{"rendered":"<p>Louis Gerstner, ex-presidente do conselho e diretor-executivo da IBM, morreu no s\u00e1bado (data n\u00e3o divulgada), aos 83 anos. A morte foi comunicada no domingo pelo atual CEO e presidente do conselho da companhia, Arvind Krishna, em um e-mail enviado aos funcion\u00e1rios. A causa do falecimento n\u00e3o foi informada. Considerado um dos principais l\u00edderes da hist\u00f3ria [&hellip;]<\/p>\n","protected":false},"author":1,"featured_media":281007,"comment_status":"closed","ping_status":"closed","sticky":false,"template":"","format":"standard","meta":{"footnotes":""},"categories":[2165],"tags":[20190],"class_list":["post-281006","post","type-post","status-publish","format-standard","has-post-thumbnail","hentry","category-noticias","tag-ibm"],"_links":{"self":[{"href":"https:\/\/portalpopmais.com.br\/en\/wp-json\/wp\/v2\/posts\/281006","targetHints":{"allow":["GET"]}}],"collection":[{"href":"https:\/\/portalpopmais.com.br\/en\/wp-json\/wp\/v2\/posts"}],"about":[{"href":"https:\/\/portalpopmais.com.br\/en\/wp-json\/wp\/v2\/types\/post"}],"author":[{"embeddable":true,"href":"https:\/\/portalpopmais.com.br\/en\/wp-json\/wp\/v2\/users\/1"}],"replies":[{"embeddable":true,"href":"https:\/\/portalpopmais.com.br\/en\/wp-json\/wp\/v2\/comments?post=281006"}],"version-history":[{"count":0,"href":"https:\/\/portalpopmais.com.br\/en\/wp-json\/wp\/v2\/posts\/281006\/revisions"}],"wp:featuredmedia":[{"embeddable":true,"href":"https:\/\/portalpopmais.com.br\/en\/wp-json\/wp\/v2\/media\/281007"}],"wp:attachment":[{"href":"https:\/\/portalpopmais.com.br\/en\/wp-json\/wp\/v2\/media?parent=281006"}],"wp:term":[{"taxonomy":"category","embeddable":true,"href":"https:\/\/portalpopmais.com.br\/en\/wp-json\/wp\/v2\/categories?post=281006"},{"taxonomy":"post_tag","embeddable":true,"href":"https:\/\/portalpopmais.com.br\/en\/wp-json\/wp\/v2\/tags?post=281006"}],"curies":[{"name":"wp","href":"https:\/\/api.w.org\/{rel}","templated":true}]}}