{"id":281474,"date":"2026-01-02T07:43:56","date_gmt":"2026-01-02T10:43:56","guid":{"rendered":"https:\/\/portalpopmais.com.br\/?p=281474"},"modified":"2026-01-02T07:43:58","modified_gmt":"2026-01-02T10:43:58","slug":"quem-e-musico-acusa-will-smith-assedio","status":"publish","type":"post","link":"https:\/\/portalpopmais.com.br\/en\/quem-e-musico-acusa-will-smith-assedio\/","title":{"rendered":"Quem \u00e9 o m\u00fasico que acusa Will Smith de ass\u00e9dio e diz ter sido demitido de turn\u00ea ap\u00f3s den\u00fancia"},"content":{"rendered":"<p>O violinista <strong>Brian King Joseph<\/strong> \u00e9 o autor do processo judicial movido contra o ator e cantor Will Smith, a quem <a href=\"https:\/\/portalpopmais.com.br\/en\/will-smith-acusado-assedio\/\">acusa de ass\u00e9dio sexual e de ter sido demitido de forma injusta ap\u00f3s relatar o epis\u00f3dio<\/a>. A a\u00e7\u00e3o tamb\u00e9m inclui a produtora do astro, a Treyball Studios Management, respons\u00e1vel pela turn\u00ea musical <em>Based On a True Story<\/em>.<\/p>\n\n\n\n<p>Com 35 anos, Joseph afirma que o epis\u00f3dio ocorreu durante a turn\u00ea, quando retornou ao quarto de hotel reservado pela equipe de Smith ap\u00f3s um dos shows. Segundo o m\u00fasico, ele encontrou no local um bilhete de conte\u00fado sexual, al\u00e9m de len\u00e7os umedecidos, uma garrafa de cerveja, medicamentos para HIV e documentos de alta hospitalar com o nome de outra pessoa.<\/p>\n\n\n<div class=\"wp-block-image\">\n<figure class=\"aligncenter size-full\"><img loading=\"lazy\" decoding=\"async\" width=\"1000\" height=\"651\" src=\"https:\/\/portalpopmais.com.br\/wp-content\/uploads\/2026\/01\/image-21.png\" alt=\"\" class=\"wp-image-281475\" title=\"\" srcset=\"https:\/\/portalpopmais.com.br\/wp-content\/uploads\/2026\/01\/image-21.png 1000w, https:\/\/portalpopmais.com.br\/wp-content\/uploads\/2026\/01\/image-21-768x500.png 768w, https:\/\/portalpopmais.com.br\/wp-content\/uploads\/2026\/01\/image-21-18x12.png 18w\" sizes=\"auto, (max-width: 1000px) 100vw, 1000px\" \/><figcaption class=\"wp-element-caption\">Brian King Joseph \u2014 Foto: Instagram<br><\/figcaption><\/figure>\n<\/div>\n\n\n<p>Conhecido internacionalmente por seu dom\u00ednio t\u00e9cnico do violino el\u00e9trico, Brian King Joseph nasceu em Washington e ganhou o apelido de \u201cRei do Violino\u201d por suas apresenta\u00e7\u00f5es energ\u00e9ticas, que misturam t\u00e9cnica cl\u00e1ssica com elementos de pop e hip-hop. Autodidata, come\u00e7ou a tocar violino aos quatro anos e construiu rapidamente uma reputa\u00e7\u00e3o por sua habilidade e presen\u00e7a de palco.<\/p>\n\n\n\n<p>O m\u00fasico alcan\u00e7ou proje\u00e7\u00e3o mundial em 2018, ao conquistar o terceiro lugar na 13\u00aa temporada do programa <em>America\u2019s Got Talent<\/em>. Sua trajet\u00f3ria pessoal tamb\u00e9m chama aten\u00e7\u00e3o: em 2012, enquanto estudava na Berklee College of Music, foi diagnosticado com neuropatia perif\u00e9rica, uma doen\u00e7a degenerativa que provoca dores cr\u00f4nicas e perda de sensibilidade. Ainda assim, Joseph manteve a carreira ativa e colaborou com nomes como George Clinton, Machine Gun Kelly e Snoop Dogg.<\/p>\n\n\n\n<p>No fim de 2024, o violinista foi convidado para integrar a turn\u00ea <em>Based On a True Story<\/em>, acompanhando Will Smith em apresenta\u00e7\u00f5es pelos Estados Unidos e outros pa\u00edses. De acordo com o processo, o bilhete encontrado no quarto dizia: \u201cBrian, volto no m\u00e1ximo \u00e0s 17h30, s\u00f3 n\u00f3s\u201d, acompanhado de um desenho de cora\u00e7\u00e3o e assinado como \u201cStone F\u201d, atribui\u00e7\u00e3o que Joseph associa ao artista.<\/p>\n\n\n\n<p>O m\u00fasico afirma ter comunicado o ocorrido \u00e0 seguran\u00e7a do hotel e \u00e0 equipe de produ\u00e7\u00e3o da turn\u00ea, mas diz que foi desacreditado e responsabilizado pela situa\u00e7\u00e3o. Dias depois, ele teria sido desligado do projeto sob a justificativa de que a turn\u00ea estaria \u201cseguindo um rumo diferente\u201d, embora, segundo ele, outro violinista tenha sido contratado rapidamente para ocupar seu lugar.<\/p>\n\n\n\n<p>Na a\u00e7\u00e3o judicial, Joseph tamb\u00e9m alega que Will Smith teria adotado um comportamento de <em>grooming<\/em> desde que se conheceram, em novembro de 2024, com o objetivo de uma suposta explora\u00e7\u00e3o sexual futura. Ele relata que o astro teria feito coment\u00e1rios sobre uma \u201cconex\u00e3o especial\u201d entre os dois e menciona ainda um epis\u00f3dio em que sua bolsa, contendo a chave do quarto, teria sido perdida de forma suspeita pela equipe da turn\u00ea.<\/p>\n\n\n\n<p>Para o violinista, a sequ\u00eancia de acontecimentos indica um padr\u00e3o de comportamento predat\u00f3rio, e n\u00e3o um incidente isolado. Ele processa Smith e a produtora por ass\u00e9dio sexual, retalia\u00e7\u00e3o, intimida\u00e7\u00e3o e demiss\u00e3o injusta, al\u00e9m de pedir indeniza\u00e7\u00e3o por danos pessoais e financeiros. Segundo a a\u00e7\u00e3o, Joseph realizou investimentos significativos para participar da turn\u00ea, realizada entre julho e setembro de 2025, e hoje enfrenta graves danos psicol\u00f3gicos, incluindo transtorno de estresse p\u00f3s-traum\u00e1tico.<\/p>\n\n\n\n<p>At\u00e9 o momento, Will Smith n\u00e3o se pronunciou publicamente sobre as acusa\u00e7\u00f5es.<\/p>","protected":false},"excerpt":{"rendered":"<p>O violinista Brian King Joseph \u00e9 o autor do processo judicial movido contra o ator e cantor Will Smith, a quem acusa de ass\u00e9dio sexual e de ter sido demitido de forma injusta ap\u00f3s relatar o epis\u00f3dio. A a\u00e7\u00e3o tamb\u00e9m inclui a produtora do astro, a Treyball Studios Management, respons\u00e1vel pela turn\u00ea musical Based On [&hellip;]<\/p>\n","protected":false},"author":1,"featured_media":281476,"comment_status":"closed","ping_status":"closed","sticky":false,"template":"","format":"standard","meta":{"footnotes":""},"categories":[173],"tags":[678],"class_list":["post-281474","post","type-post","status-publish","format-standard","has-post-thumbnail","hentry","category-celebridades","tag-will-smith"],"_links":{"self":[{"href":"https:\/\/portalpopmais.com.br\/en\/wp-json\/wp\/v2\/posts\/281474","targetHints":{"allow":["GET"]}}],"collection":[{"href":"https:\/\/portalpopmais.com.br\/en\/wp-json\/wp\/v2\/posts"}],"about":[{"href":"https:\/\/portalpopmais.com.br\/en\/wp-json\/wp\/v2\/types\/post"}],"author":[{"embeddable":true,"href":"https:\/\/portalpopmais.com.br\/en\/wp-json\/wp\/v2\/users\/1"}],"replies":[{"embeddable":true,"href":"https:\/\/portalpopmais.com.br\/en\/wp-json\/wp\/v2\/comments?post=281474"}],"version-history":[{"count":0,"href":"https:\/\/portalpopmais.com.br\/en\/wp-json\/wp\/v2\/posts\/281474\/revisions"}],"wp:featuredmedia":[{"embeddable":true,"href":"https:\/\/portalpopmais.com.br\/en\/wp-json\/wp\/v2\/media\/281476"}],"wp:attachment":[{"href":"https:\/\/portalpopmais.com.br\/en\/wp-json\/wp\/v2\/media?parent=281474"}],"wp:term":[{"taxonomy":"category","embeddable":true,"href":"https:\/\/portalpopmais.com.br\/en\/wp-json\/wp\/v2\/categories?post=281474"},{"taxonomy":"post_tag","embeddable":true,"href":"https:\/\/portalpopmais.com.br\/en\/wp-json\/wp\/v2\/tags?post=281474"}],"curies":[{"name":"wp","href":"https:\/\/api.w.org\/{rel}","templated":true}]}}