{"id":28199,"date":"2019-07-07T13:12:56","date_gmt":"2019-07-07T16:12:56","guid":{"rendered":"http:\/\/popmais.com.br\/?p=28199"},"modified":"2019-07-07T13:12:56","modified_gmt":"2019-07-07T16:12:56","slug":"shawn-mendes-fala-sobre-romance-com-camila-cabello","status":"publish","type":"post","link":"https:\/\/portalpopmais.com.br\/en\/shawn-mendes-fala-sobre-romance-com-camila-cabello\/","title":{"rendered":"Shawn Mendes fala sobre romance com Camila Cabello"},"content":{"rendered":"<p>Nos \u00faltimos dias <strong>Shawn Mendes<\/strong> e <strong>Camila Cabello<\/strong> foram flagrados em um clima super \u00edntimo, o que gerou um rumor de que os dois estariam tendo um romance. Mas, apesar de tudo indicar que sim, em um evento com f\u00e3s no \u00faltimo s\u00e1bado o cantor negou o suposto namoro.<\/p>\n<p>Veja no v\u00eddeo:<\/p>\n<blockquote class=\"twitter-tweet\" data-width=\"550\" data-dnt=\"true\">\n<p lang=\"pt\" dir=\"ltr\">&quot;Voc\u00ea est\u00e1 namorando com a Camila?&quot;<br \/>Corno: <a href=\"https:\/\/twitter.com\/hashtag\/ShawnMendesTheTourLA?src=hash&amp;ref_src=twsrc%5Etfw\" target=\"_blank\" rel=\"noopener\">#ShawnMendesTheTourLA<\/a> <a href=\"https:\/\/t.co\/Ile1eeHqIc\">pic.twitter.com\/Ile1eeHqIc<\/a><\/p>\n<p>&mdash; Ch\u00e3o Mendes RESERVA (@chaomendespg) <a href=\"https:\/\/twitter.com\/chaomendespg\/status\/1147667610760294401?ref_src=twsrc%5Etfw\" target=\"_blank\" rel=\"noopener\">July 7, 2019<\/a><\/p><\/blockquote>\n<p><script async src=\"https:\/\/platform.twitter.com\/widgets.js\" charset=\"utf-8\"><\/script><\/p>\n<p>Camila terminou seu noivado dias ap\u00f3s o lan\u00e7amento do clipe de <em>&#8220;Se\u00f1orita&#8221;<\/em>, em que ela e Shawn aparecem em cenas quentes. Depois disso, os cantores foram vistos andando de m\u00e3os dadas na sa\u00edda de uma festa em Los Angeles, no dia 4 de julho. No mesmo dia Mendes foi flagrado na sacada de um hotel, descamisado ao lado da cubana.<\/p>\n<p><iframe loading=\"lazy\" title=\"Shawn Mendes, Camila Cabello - Se\u00f1orita\" width=\"880\" height=\"495\" src=\"https:\/\/www.youtube.com\/embed\/Pkh8UtuejGw?feature=oembed\" frameborder=\"0\" allow=\"accelerometer; autoplay; encrypted-media; gyroscope; picture-in-picture\" allowfullscreen><\/iframe><\/p>\n<p>S\u00f3 lembrando que Shawn tem hist\u00f3rico de negar relacionamentos amorosos, pouco tempo depois de <strong>Justin Bieber<\/strong> e <strong>Hailey Baldwin<\/strong> se casarem, a voz de <em>&#8220;In My Blood&#8221;<\/em> assumiu que teve um caso com a modelo, fato que ele negava categoricamente antes.<\/p>\n<p>S\u00f3 nos resta shippar e aguardar!<\/p>","protected":false},"excerpt":{"rendered":"<p>Nos \u00faltimos dias Shawn Mendes e Camila Cabello foram flagrados em um clima super \u00edntimo, o que gerou um rumor de que os dois estariam tendo um romance. Mas, apesar de tudo indicar que sim, em um evento com f\u00e3s no \u00faltimo s\u00e1bado o cantor negou o suposto namoro. Veja no v\u00eddeo: Camila terminou seu [&hellip;]<\/p>\n","protected":false},"author":2,"featured_media":28201,"comment_status":"open","ping_status":"open","sticky":false,"template":"","format":"standard","meta":{"footnotes":""},"categories":[173],"tags":[311,494],"class_list":["post-28199","post","type-post","status-publish","format-standard","has-post-thumbnail","hentry","category-celebridades","tag-camila-cabello","tag-shawn-mendes"],"_links":{"self":[{"href":"https:\/\/portalpopmais.com.br\/en\/wp-json\/wp\/v2\/posts\/28199","targetHints":{"allow":["GET"]}}],"collection":[{"href":"https:\/\/portalpopmais.com.br\/en\/wp-json\/wp\/v2\/posts"}],"about":[{"href":"https:\/\/portalpopmais.com.br\/en\/wp-json\/wp\/v2\/types\/post"}],"author":[{"embeddable":true,"href":"https:\/\/portalpopmais.com.br\/en\/wp-json\/wp\/v2\/users\/2"}],"replies":[{"embeddable":true,"href":"https:\/\/portalpopmais.com.br\/en\/wp-json\/wp\/v2\/comments?post=28199"}],"version-history":[{"count":0,"href":"https:\/\/portalpopmais.com.br\/en\/wp-json\/wp\/v2\/posts\/28199\/revisions"}],"wp:attachment":[{"href":"https:\/\/portalpopmais.com.br\/en\/wp-json\/wp\/v2\/media?parent=28199"}],"wp:term":[{"taxonomy":"category","embeddable":true,"href":"https:\/\/portalpopmais.com.br\/en\/wp-json\/wp\/v2\/categories?post=28199"},{"taxonomy":"post_tag","embeddable":true,"href":"https:\/\/portalpopmais.com.br\/en\/wp-json\/wp\/v2\/tags?post=28199"}],"curies":[{"name":"wp","href":"https:\/\/api.w.org\/{rel}","templated":true}]}}