{"id":282188,"date":"2026-01-08T13:07:10","date_gmt":"2026-01-08T16:07:10","guid":{"rendered":"https:\/\/portalpopmais.com.br\/?p=282188"},"modified":"2026-01-08T13:08:08","modified_gmt":"2026-01-08T16:08:08","slug":"leonardo-homenageia-o-filho-matheus-vargas-em-aniversario-de-28-anos","status":"publish","type":"post","link":"https:\/\/portalpopmais.com.br\/en\/leonardo-homenageia-o-filho-matheus-vargas-em-aniversario-de-28-anos\/","title":{"rendered":"Leonardo homenageia o filho Matheus Vargas em anivers\u00e1rio de 28 anos"},"content":{"rendered":"<p class=\"wp-block-paragraph\">Foi dia de celebra\u00e7\u00e3o na fam\u00edlia de Leonardo. O cantor usou as redes sociais na \u00faltima quarta-feira (7) para comemorar o anivers\u00e1rio de 28 anos de seu filho, Matheus Vargas, fruto do relacionamento que teve com Liz Vargas.<\/p>\n\n\n\n<p class=\"wp-block-paragraph\">Para marcar a data especial, Leonardo compartilhou uma foto ao lado do aniversariante e fez uma declara\u00e7\u00e3o carinhosa. \u201cParab\u00e9ns, meu filho. Muita sa\u00fade e sucesso. Te amo, meu gato\u201d, escreveu o sertanejo, emocionando os f\u00e3s.<\/p>\n\n\n\n<p class=\"wp-block-paragraph\">Matheus Vargas fez quest\u00e3o de retribuir o gesto do pai. O cantor repostou a homenagem em seu perfil oficial e respondeu de forma breve e afetuosa: \u201cTe amo!\u201d, acompanhado de um emoji de cora\u00e7\u00e3o vermelho.<\/p>\n\n\n\n<p class=\"wp-block-paragraph\">Quem tamb\u00e9m prestou uma homenagem especial foi Poliana Rocha, esposa de Leonardo e madrasta de Matheus. Conhecida pela boa rela\u00e7\u00e3o com todos os filhos do cantor, a influenciadora publicou uma foto ao lado do enteado e do marido e deixou uma mensagem cheia de carinho.<\/p>\n\n\n\n<p class=\"wp-block-paragraph\">\u201cParab\u00e9ns, que Deus lhe aben\u00e7oe grandemente. Sua vida \u00e9 especial para mim e para Deus. Sa\u00fade e muitas conquistas! Conte comigo sempre\u201d, escreveu Poliana, que teve sua mensagem repostada por Matheus.<\/p>\n\n\n\n<p class=\"wp-block-paragraph\">Al\u00e9m de Matheus Vargas, Leonardo \u00e9 pai de outros cinco filhos: Z\u00e9 Felipe, Pedro Leonardo, J\u00e9ssica Beatriz, Monyque Isabella e Jo\u00e3o Guilherme, o ca\u00e7ula da fam\u00edlia.<\/p>\n\n\n<div class=\"wp-block-image\">\n<figure class=\"aligncenter size-full\"><img loading=\"lazy\" decoding=\"async\" width=\"462\" height=\"823\" src=\"https:\/\/portalpopmais.com.br\/wp-content\/uploads\/2026\/01\/image-91.png\" alt=\"\" class=\"wp-image-282189\" title=\"\" srcset=\"https:\/\/portalpopmais.com.br\/wp-content\/uploads\/2026\/01\/image-91.png 462w, https:\/\/portalpopmais.com.br\/wp-content\/uploads\/2026\/01\/image-91-7x12.png 7w\" sizes=\"auto, (max-width: 462px) 100vw, 462px\" \/><figcaption class=\"wp-element-caption\">Leonardo e o filho, Matheus Vargas &#8211; Foto: Reprodu\u00e7\u00e3o \/ Instagram @matheusvargas<\/figcaption><\/figure>\n<\/div>","protected":false},"excerpt":{"rendered":"<p>Foi dia de celebra\u00e7\u00e3o na fam\u00edlia de Leonardo. O cantor usou as redes sociais na \u00faltima quarta-feira (7) para comemorar o anivers\u00e1rio de 28 anos de seu filho, Matheus Vargas, fruto do relacionamento que teve com Liz Vargas. Para marcar a data especial, Leonardo compartilhou uma foto ao lado do aniversariante e fez uma declara\u00e7\u00e3o [&hellip;]<\/p>\n","protected":false},"author":2,"featured_media":282190,"comment_status":"closed","ping_status":"closed","sticky":false,"template":"","format":"standard","meta":{"footnotes":""},"categories":[173],"tags":[2399],"class_list":["post-282188","post","type-post","status-publish","format-standard","has-post-thumbnail","hentry","category-celebridades","tag-leonardo"],"_links":{"self":[{"href":"https:\/\/portalpopmais.com.br\/en\/wp-json\/wp\/v2\/posts\/282188","targetHints":{"allow":["GET"]}}],"collection":[{"href":"https:\/\/portalpopmais.com.br\/en\/wp-json\/wp\/v2\/posts"}],"about":[{"href":"https:\/\/portalpopmais.com.br\/en\/wp-json\/wp\/v2\/types\/post"}],"author":[{"embeddable":true,"href":"https:\/\/portalpopmais.com.br\/en\/wp-json\/wp\/v2\/users\/2"}],"replies":[{"embeddable":true,"href":"https:\/\/portalpopmais.com.br\/en\/wp-json\/wp\/v2\/comments?post=282188"}],"version-history":[{"count":0,"href":"https:\/\/portalpopmais.com.br\/en\/wp-json\/wp\/v2\/posts\/282188\/revisions"}],"wp:featuredmedia":[{"embeddable":true,"href":"https:\/\/portalpopmais.com.br\/en\/wp-json\/wp\/v2\/media\/282190"}],"wp:attachment":[{"href":"https:\/\/portalpopmais.com.br\/en\/wp-json\/wp\/v2\/media?parent=282188"}],"wp:term":[{"taxonomy":"category","embeddable":true,"href":"https:\/\/portalpopmais.com.br\/en\/wp-json\/wp\/v2\/categories?post=282188"},{"taxonomy":"post_tag","embeddable":true,"href":"https:\/\/portalpopmais.com.br\/en\/wp-json\/wp\/v2\/tags?post=282188"}],"curies":[{"name":"wp","href":"https:\/\/api.w.org\/{rel}","templated":true}]}}