{"id":282199,"date":"2026-01-08T13:37:46","date_gmt":"2026-01-08T16:37:46","guid":{"rendered":"https:\/\/portalpopmais.com.br\/?p=282199"},"modified":"2026-01-08T13:37:48","modified_gmt":"2026-01-08T16:37:48","slug":"jornalista-conrado-corsalette-morre-aos-47-anos-em-sao-paulo","status":"publish","type":"post","link":"https:\/\/portalpopmais.com.br\/en\/jornalista-conrado-corsalette-morre-aos-47-anos-em-sao-paulo\/","title":{"rendered":"Jornalista Conrado Corsalette morre aos 47 anos em S\u00e3o Paulo"},"content":{"rendered":"<p>O jornalista <strong><a href=\"https:\/\/portalpopmais.com.br\/en\/trends\/conrado-corsalette\/\" data-type=\"post_tag\" data-id=\"20256\">Conrado Corsalette<\/a><\/strong> morreu na madrugada desta quinta-feira (8), aos 47 anos, em S\u00e3o Paulo. A informa\u00e7\u00e3o foi confirmada pelo site Poder360, ve\u00edculo no qual ele atuava havia quase um ano como secret\u00e1rio de Reda\u00e7\u00e3o Adjunto na sucursal paulista.<\/p>\n\n\n\n<p>At\u00e9 o momento, n\u00e3o foram divulgados detalhes sobre data, hor\u00e1rio e local do vel\u00f3rio. Conrado deixa duas filhas, de 13 e 11 anos.<\/p>\n\n\n\n<p>Nascido em 5 de fevereiro de 1978, na cidade de Santo Anast\u00e1cio, no interior de S\u00e3o Paulo, Conrado Corsalette construiu uma trajet\u00f3ria marcante no jornalismo brasileiro. Ele foi cofundador e editor-chefe do Nexo Jornal, um dos principais ve\u00edculos digitais do pa\u00eds.<\/p>\n\n\n\n<p>Ao longo da carreira, trabalhou em importantes reda\u00e7\u00f5es, passando pela editoria de Pol\u00edtica do jornal <em>O Estado de S. Paulo<\/em>, pela editoria de Cotidiano da <em>Folha de S. Paulo<\/em>, onde atuou como editor-adjunto, al\u00e9m de ter sido rep\u00f3rter do <em>Agora S\u00e3o Paulo<\/em>.<\/p>\n\n\n\n<p>Formado em Jornalismo pela Faculdade C\u00e1sper L\u00edbero em 1999, Conrado tamb\u00e9m possu\u00eda mestrado em jornalismo, gest\u00e3o estrat\u00e9gica e de marcas pelo Instituto Internacional de Ci\u00eancias Sociais. Em 2023, lan\u00e7ou o livro <em>Uma crise chamada Brasil: a quebra da Nova Rep\u00fablica e a erup\u00e7\u00e3o da extrema direita<\/em>, publicado pela F\u00f3sforo Editora, no qual analisou o cen\u00e1rio pol\u00edtico do pa\u00eds.<\/p>\n\n\n\n<p><\/p>","protected":false},"excerpt":{"rendered":"<p>O jornalista Conrado Corsalette morreu na madrugada desta quinta-feira (8), aos 47 anos, em S\u00e3o Paulo. A informa\u00e7\u00e3o foi confirmada pelo site Poder360, ve\u00edculo no qual ele atuava havia quase um ano como secret\u00e1rio de Reda\u00e7\u00e3o Adjunto na sucursal paulista. At\u00e9 o momento, n\u00e3o foram divulgados detalhes sobre data, hor\u00e1rio e local do vel\u00f3rio. Conrado [&hellip;]<\/p>\n","protected":false},"author":2,"featured_media":282200,"comment_status":"closed","ping_status":"closed","sticky":false,"template":"","format":"standard","meta":{"footnotes":""},"categories":[2165],"tags":[20256],"class_list":["post-282199","post","type-post","status-publish","format-standard","has-post-thumbnail","hentry","category-noticias","tag-conrado-corsalette"],"_links":{"self":[{"href":"https:\/\/portalpopmais.com.br\/en\/wp-json\/wp\/v2\/posts\/282199","targetHints":{"allow":["GET"]}}],"collection":[{"href":"https:\/\/portalpopmais.com.br\/en\/wp-json\/wp\/v2\/posts"}],"about":[{"href":"https:\/\/portalpopmais.com.br\/en\/wp-json\/wp\/v2\/types\/post"}],"author":[{"embeddable":true,"href":"https:\/\/portalpopmais.com.br\/en\/wp-json\/wp\/v2\/users\/2"}],"replies":[{"embeddable":true,"href":"https:\/\/portalpopmais.com.br\/en\/wp-json\/wp\/v2\/comments?post=282199"}],"version-history":[{"count":0,"href":"https:\/\/portalpopmais.com.br\/en\/wp-json\/wp\/v2\/posts\/282199\/revisions"}],"wp:featuredmedia":[{"embeddable":true,"href":"https:\/\/portalpopmais.com.br\/en\/wp-json\/wp\/v2\/media\/282200"}],"wp:attachment":[{"href":"https:\/\/portalpopmais.com.br\/en\/wp-json\/wp\/v2\/media?parent=282199"}],"wp:term":[{"taxonomy":"category","embeddable":true,"href":"https:\/\/portalpopmais.com.br\/en\/wp-json\/wp\/v2\/categories?post=282199"},{"taxonomy":"post_tag","embeddable":true,"href":"https:\/\/portalpopmais.com.br\/en\/wp-json\/wp\/v2\/tags?post=282199"}],"curies":[{"name":"wp","href":"https:\/\/api.w.org\/{rel}","templated":true}]}}