{"id":282233,"date":"2026-01-08T14:49:27","date_gmt":"2026-01-08T17:49:27","guid":{"rendered":"https:\/\/portalpopmais.com.br\/?p=282233"},"modified":"2026-01-08T14:49:29","modified_gmt":"2026-01-08T17:49:29","slug":"filha-de-olavo-de-carvalho-morre-em-sao-paulo","status":"publish","type":"post","link":"https:\/\/portalpopmais.com.br\/en\/filha-de-olavo-de-carvalho-morre-em-sao-paulo\/","title":{"rendered":"Filha de Olavo de Carvalho morre em S\u00e3o Paulo"},"content":{"rendered":"<p>Helo\u00edsa de Carvalho Martin, filha mais velha do escritor e fil\u00f3sofo conservador Olavo de Carvalho, morreu na noite desta quarta-feira (data n\u00e3o divulgada), em S\u00e3o Paulo. O caso foi registrado na Delegacia de Pol\u00edcia de Atibaia.<\/p>\n\n\n\n<p>Em nota, a Pol\u00edcia Civil informou que n\u00e3o divulgar\u00e1 mais detalhes em raz\u00e3o da natureza da morte. Nas redes sociais, Davi de Carvalho, irm\u00e3o de Helo\u00edsa, pediu ora\u00e7\u00f5es pela irm\u00e3 e afirmou que n\u00e3o comentar\u00e1 mais o assunto. \u201cPode parecer contradit\u00f3rio, considerando todas as desaven\u00e7as que havia entre ela, os irm\u00e3os e os pais, mas pe\u00e7o que, quem puder, fa\u00e7a uma ora\u00e7\u00e3o por sua alma\u201d, escreveu.<\/p>\n\n\n\n<p>Ap\u00f3s a elei\u00e7\u00e3o de Jair Bolsonaro, em 2018, Helo\u00edsa ganhou notoriedade ao criticar publicamente o pai, conhecido por sua influ\u00eancia entre apoiadores do ent\u00e3o presidente. Filiada ao PT, ela se posicionou diversas vezes contra Olavo de Carvalho e chegou a publicar um livro relatando a conviv\u00eancia familiar, na qual o descreveu como um pai ausente.<\/p>\n\n\n\n<p>A rela\u00e7\u00e3o entre pai e filha foi marcada por conflitos p\u00fablicos e disputas judiciais. Em 2017, Olavo registrou uma queixa-crime contra Helo\u00edsa, acusando-a de integrar uma organiza\u00e7\u00e3o criminosa com apoio de partidos de esquerda para prejudicar sua imagem; o caso acabou arquivado. Posteriormente, ele tamb\u00e9m a processou por cal\u00fania e difama\u00e7\u00e3o ap\u00f3s a publica\u00e7\u00e3o de uma carta. O lit\u00edgio foi encerrado ap\u00f3s um acordo judicial, no qual Helo\u00edsa deletou sua conta no Facebook e Olavo desistiu da a\u00e7\u00e3o.<\/p>\n\n\n\n<p>Em 2020, Helo\u00edsa publicou nas redes sociais que o ex-assessor de Fl\u00e1vio Bolsonaro, Fabr\u00edcio Queiroz, estava em Atibaia. Meses depois, Queiroz foi preso em um im\u00f3vel pertencente a Frederick Wassef, advogado da fam\u00edlia Bolsonaro, no mesmo munic\u00edpio.<\/p>\n\n\n\n<p>Rompida com a fam\u00edlia desde 2017, Helo\u00edsa foi exclu\u00edda do testamento feito por Olavo de Carvalho nos Estados Unidos, onde ele possu\u00eda duas resid\u00eancias. A heran\u00e7a foi dividida entre os outros sete filhos, um tio e a vi\u00fava, Roxane. Olavo de Carvalho morreu em 2022, aos 74 anos.<\/p>\n\n\n\n<p>Na ocasi\u00e3o da morte do pai, Helo\u00edsa afirmou publicamente que ele havia falecido em decorr\u00eancia da covid-19, doen\u00e7a cuja gravidade Olavo negava. Ao compartilhar a nota de falecimento, escreveu: \u201cQue Deus perdoe ele de todas as maldades que cometeu\u201d.<\/p>","protected":false},"excerpt":{"rendered":"<p>Helo\u00edsa de Carvalho Martin, filha mais velha do escritor e fil\u00f3sofo conservador Olavo de Carvalho, morreu na noite desta quarta-feira (data n\u00e3o divulgada), em S\u00e3o Paulo. O caso foi registrado na Delegacia de Pol\u00edcia de Atibaia. Em nota, a Pol\u00edcia Civil informou que n\u00e3o divulgar\u00e1 mais detalhes em raz\u00e3o da natureza da morte. Nas redes [&hellip;]<\/p>\n","protected":false},"author":1,"featured_media":282234,"comment_status":"closed","ping_status":"closed","sticky":false,"template":"","format":"standard","meta":{"footnotes":""},"categories":[2165],"tags":[20260],"class_list":["post-282233","post","type-post","status-publish","format-standard","has-post-thumbnail","hentry","category-noticias","tag-olavo-carvalho"],"_links":{"self":[{"href":"https:\/\/portalpopmais.com.br\/en\/wp-json\/wp\/v2\/posts\/282233","targetHints":{"allow":["GET"]}}],"collection":[{"href":"https:\/\/portalpopmais.com.br\/en\/wp-json\/wp\/v2\/posts"}],"about":[{"href":"https:\/\/portalpopmais.com.br\/en\/wp-json\/wp\/v2\/types\/post"}],"author":[{"embeddable":true,"href":"https:\/\/portalpopmais.com.br\/en\/wp-json\/wp\/v2\/users\/1"}],"replies":[{"embeddable":true,"href":"https:\/\/portalpopmais.com.br\/en\/wp-json\/wp\/v2\/comments?post=282233"}],"version-history":[{"count":0,"href":"https:\/\/portalpopmais.com.br\/en\/wp-json\/wp\/v2\/posts\/282233\/revisions"}],"wp:featuredmedia":[{"embeddable":true,"href":"https:\/\/portalpopmais.com.br\/en\/wp-json\/wp\/v2\/media\/282234"}],"wp:attachment":[{"href":"https:\/\/portalpopmais.com.br\/en\/wp-json\/wp\/v2\/media?parent=282233"}],"wp:term":[{"taxonomy":"category","embeddable":true,"href":"https:\/\/portalpopmais.com.br\/en\/wp-json\/wp\/v2\/categories?post=282233"},{"taxonomy":"post_tag","embeddable":true,"href":"https:\/\/portalpopmais.com.br\/en\/wp-json\/wp\/v2\/tags?post=282233"}],"curies":[{"name":"wp","href":"https:\/\/api.w.org\/{rel}","templated":true}]}}