{"id":282925,"date":"2026-01-13T11:32:01","date_gmt":"2026-01-13T14:32:01","guid":{"rendered":"https:\/\/portalpopmais.com.br\/?p=282925"},"modified":"2026-01-13T11:32:04","modified_gmt":"2026-01-13T14:32:04","slug":"tom-morello-acusa-governo-trump","status":"publish","type":"post","link":"https:\/\/portalpopmais.com.br\/en\/tom-morello-acusa-governo-trump\/","title":{"rendered":"Tom Morello acusa governo Trump de usar slogan associado ao nazismo"},"content":{"rendered":"<p class=\"wp-block-paragraph\">O guitarrista <strong><a href=\"https:\/\/portalpopmais.com.br\/en\/trends\/tom-morello\/\" data-type=\"post_tag\" data-id=\"9264\">Tom Morello<\/a><\/strong>, conhecido por seu trabalho no Rage Against the Machine, voltou a criticar a administra\u00e7\u00e3o do ex-presidente Donald Trump ao acusar o governo de utilizar um slogan com origem nazista durante uma recente coletiva de imprensa nos Estados Unidos.<\/p>\n\n\n\n<p class=\"wp-block-paragraph\">A acusa\u00e7\u00e3o foi feita em uma publica\u00e7\u00e3o no Instagram, na segunda-feira (12), na qual Morello compartilhou uma imagem da secret\u00e1ria do Departamento de Seguran\u00e7a Interna (DHS), Kristi Noem, falando \u00e0 imprensa atr\u00e1s de um p\u00f3dio que exibia a frase \u201cOne of ours, all of yours\u201d (\u201cUm dos nossos, todos os de voc\u00eas\u201d). Segundo o m\u00fasico, a express\u00e3o teria sido usada originalmente por oficiais da SS nazista como forma de repres\u00e1lia coletiva, resultando em assassinatos em massa.<\/p>\n\n\n\n<p class=\"wp-block-paragraph\">\u201cFoi cunhado quando um oficial da SS foi morto e os nazistas assassinaram todos os residentes masculinos da vila em resposta\u201d, escreveu Morello. Ele ainda acrescentou cr\u00edticas diretas a apoiadores do movimento MAGA, afirmando que a perman\u00eancia do apoio ap\u00f3s o epis\u00f3dio representaria uma \u201cescolha irrevog\u00e1vel\u201d.<\/p>\n\n\n\n<p class=\"wp-block-paragraph\">Na mesma postagem, o artista incluiu imagens suas em apresenta\u00e7\u00f5es com mensagens cr\u00edticas a Trump e uma cita\u00e7\u00e3o do romance <em>Por Quem os Sinos Dobram<\/em>, de Ernest Hemingway: \u201cExistem muitos que n\u00e3o sabem que s\u00e3o fascistas, mas descobrir\u00e3o quando chegar a hora\u201d.<\/p>\n\n\n\n<p class=\"wp-block-paragraph\">Procurado pela revista <em>Billboard<\/em>, o Departamento de Seguran\u00e7a Interna rebateu as acusa\u00e7\u00f5es. Em nota, afirmou que \u201cchamar tudo o que voc\u00ea n\u00e3o gosta de \u2018propaganda nazista\u2019 \u00e9 cansativo\u201d e disse que continuar\u00e1 utilizando seus canais para informar a popula\u00e7\u00e3o sobre a\u00e7\u00f5es voltadas a \u201cTornar a Am\u00e9rica Segura Novamente\u201d. A Casa Branca tamb\u00e9m foi procurada para comentar o caso.<\/p>\n\n\n\n<p class=\"wp-block-paragraph\">A coletiva de imprensa ocorreu em 8 de janeiro, um dia ap\u00f3s a morte de Renee Nicole Good, cidad\u00e3 americana de 37 anos, baleada por um agente do ICE durante uma opera\u00e7\u00e3o de imigra\u00e7\u00e3o em Minneapolis. O epis\u00f3dio gerou protestos e cr\u00edticas ao \u00f3rg\u00e3o, enquanto o DHS e Trump sustentam que o agente agiu em leg\u00edtima defesa.<\/p>\n\n\n\n<p class=\"wp-block-paragraph\">A SS (Schutzstaffel) foi uma das principais organiza\u00e7\u00f5es do regime nazista, respons\u00e1vel pela seguran\u00e7a do Estado, pela pol\u00edtica racial e pela administra\u00e7\u00e3o do sistema de campos de concentra\u00e7\u00e3o, al\u00e9m de desempenhar papel central no genoc\u00eddio de seis milh\u00f5es de judeus durante o Holocausto.<\/p>\n\n\n\n<p class=\"wp-block-paragraph\">Conhecido por seu ativismo pol\u00edtico, Morello \u00e9 um cr\u00edtico hist\u00f3rico de Trump e das pol\u00edticas de imigra\u00e7\u00e3o dos Estados Unidos. Em 2024, ele lan\u00e7ou m\u00fasicas de protesto contra a\u00e7\u00f5es do ICE, classificando-as como \u201cterror de Estado\u201d. Embora o Rage Against the Machine tenha encerrado oficialmente suas atividades em janeiro de 2024, a banda permanece reconhecida por sua postura combativa contra sistemas de poder opressivos e por sua relev\u00e2ncia hist\u00f3rica no rock.<\/p>","protected":false},"excerpt":{"rendered":"<p>O guitarrista Tom Morello, conhecido por seu trabalho no Rage Against the Machine, voltou a criticar a administra\u00e7\u00e3o do ex-presidente Donald Trump ao acusar o governo de utilizar um slogan com origem nazista durante uma recente coletiva de imprensa nos Estados Unidos. A acusa\u00e7\u00e3o foi feita em uma publica\u00e7\u00e3o no Instagram, na segunda-feira (12), na [&hellip;]<\/p>\n","protected":false},"author":2,"featured_media":282926,"comment_status":"closed","ping_status":"closed","sticky":false,"template":"","format":"standard","meta":{"footnotes":""},"categories":[173],"tags":[18550,9264],"class_list":["post-282925","post","type-post","status-publish","format-standard","has-post-thumbnail","hentry","category-celebridades","tag-destaque","tag-tom-morello"],"_links":{"self":[{"href":"https:\/\/portalpopmais.com.br\/en\/wp-json\/wp\/v2\/posts\/282925","targetHints":{"allow":["GET"]}}],"collection":[{"href":"https:\/\/portalpopmais.com.br\/en\/wp-json\/wp\/v2\/posts"}],"about":[{"href":"https:\/\/portalpopmais.com.br\/en\/wp-json\/wp\/v2\/types\/post"}],"author":[{"embeddable":true,"href":"https:\/\/portalpopmais.com.br\/en\/wp-json\/wp\/v2\/users\/2"}],"replies":[{"embeddable":true,"href":"https:\/\/portalpopmais.com.br\/en\/wp-json\/wp\/v2\/comments?post=282925"}],"version-history":[{"count":0,"href":"https:\/\/portalpopmais.com.br\/en\/wp-json\/wp\/v2\/posts\/282925\/revisions"}],"wp:featuredmedia":[{"embeddable":true,"href":"https:\/\/portalpopmais.com.br\/en\/wp-json\/wp\/v2\/media\/282926"}],"wp:attachment":[{"href":"https:\/\/portalpopmais.com.br\/en\/wp-json\/wp\/v2\/media?parent=282925"}],"wp:term":[{"taxonomy":"category","embeddable":true,"href":"https:\/\/portalpopmais.com.br\/en\/wp-json\/wp\/v2\/categories?post=282925"},{"taxonomy":"post_tag","embeddable":true,"href":"https:\/\/portalpopmais.com.br\/en\/wp-json\/wp\/v2\/tags?post=282925"}],"curies":[{"name":"wp","href":"https:\/\/api.w.org\/{rel}","templated":true}]}}