{"id":283239,"date":"2026-01-15T16:42:54","date_gmt":"2026-01-15T19:42:54","guid":{"rendered":"https:\/\/portalpopmais.com.br\/?p=283239"},"modified":"2026-01-15T16:42:56","modified_gmt":"2026-01-15T19:42:56","slug":"francois-fougere-lanca-reflexao-social-na-cancao-des-portes-fermees","status":"publish","type":"post","link":"https:\/\/portalpopmais.com.br\/en\/francois-fougere-lanca-reflexao-social-na-cancao-des-portes-fermees\/","title":{"rendered":"Fran\u00e7ois Foug\u00e8re lan\u00e7a reflex\u00e3o social na can\u00e7\u00e3o \u201cDes portes ferm\u00e9es\u201d"},"content":{"rendered":"<p class=\"wp-block-paragraph\">O compositor Fran\u00e7ois Foug\u00e8re apresenta <em>Des portes ferm\u00e9es<\/em> (\u201cPortas fechadas\u201d), uma can\u00e7\u00e3o que nasce da observa\u00e7\u00e3o atenta de realidades vividas e compartilhadas por muitas pessoas. Escrita a partir de experi\u00eancias pessoais do artista, a obra prop\u00f5e uma reflex\u00e3o sens\u00edvel sobre desigualdade, frustra\u00e7\u00e3o e a sensa\u00e7\u00e3o recorrente de bloqueio diante da vida.<\/p>\n\n\n\n<p class=\"wp-block-paragraph\">Na letra, Foug\u00e8re aborda situa\u00e7\u00f5es em que, apesar dos esfor\u00e7os empreendidos, tudo parece n\u00e3o avan\u00e7ar. A m\u00fasica retrata momentos em que oportunidades n\u00e3o surgem e caminhos permanecem fechados, criando a percep\u00e7\u00e3o de que a vida se transforma em uma sequ\u00eancia de obst\u00e1culos dif\u00edceis de transpor.<\/p>\n\n\n\n<p class=\"wp-block-paragraph\">A can\u00e7\u00e3o tamb\u00e9m destaca o contraste entre indiv\u00edduos que encontram portas abertas com facilidade e outros que, mesmo sendo igualmente merecedores, enfrentam constantes negativas. Essa disparidade, segundo o artista, reflete uma realidade social amplamente observ\u00e1vel, na qual privil\u00e9gios n\u00e3o s\u00e3o distribu\u00eddos de forma justa.<\/p>\n\n\n\n<p class=\"wp-block-paragraph\">Com <em>Des portes ferm\u00e9es<\/em>, Fran\u00e7ois Foug\u00e8re utiliza a m\u00fasica como ferramenta de express\u00e3o e questionamento, dando voz a sentimentos comuns a muitos, mas nem sempre verbalizados. A obra convida o ouvinte \u00e0 identifica\u00e7\u00e3o e \u00e0 reflex\u00e3o sobre m\u00e9rito, esfor\u00e7o e as barreiras invis\u00edveis que moldam trajet\u00f3rias pessoais e profissionais.<\/p>","protected":false},"excerpt":{"rendered":"<p>O compositor Fran\u00e7ois Foug\u00e8re apresenta Des portes ferm\u00e9es (\u201cPortas fechadas\u201d), uma can\u00e7\u00e3o que nasce da observa\u00e7\u00e3o atenta de realidades vividas e compartilhadas por muitas pessoas. Escrita a partir de experi\u00eancias pessoais do artista, a obra prop\u00f5e uma reflex\u00e3o sens\u00edvel sobre desigualdade, frustra\u00e7\u00e3o e a sensa\u00e7\u00e3o recorrente de bloqueio diante da vida. Na letra, Foug\u00e8re aborda [&hellip;]<\/p>\n","protected":false},"author":2,"featured_media":283240,"comment_status":"closed","ping_status":"closed","sticky":false,"template":"","format":"standard","meta":{"footnotes":""},"categories":[11936],"tags":[20307,11937],"class_list":["post-283239","post","type-post","status-publish","format-standard","has-post-thumbnail","hentry","category-groover","tag-francois-fougere","tag-groover"],"_links":{"self":[{"href":"https:\/\/portalpopmais.com.br\/en\/wp-json\/wp\/v2\/posts\/283239","targetHints":{"allow":["GET"]}}],"collection":[{"href":"https:\/\/portalpopmais.com.br\/en\/wp-json\/wp\/v2\/posts"}],"about":[{"href":"https:\/\/portalpopmais.com.br\/en\/wp-json\/wp\/v2\/types\/post"}],"author":[{"embeddable":true,"href":"https:\/\/portalpopmais.com.br\/en\/wp-json\/wp\/v2\/users\/2"}],"replies":[{"embeddable":true,"href":"https:\/\/portalpopmais.com.br\/en\/wp-json\/wp\/v2\/comments?post=283239"}],"version-history":[{"count":0,"href":"https:\/\/portalpopmais.com.br\/en\/wp-json\/wp\/v2\/posts\/283239\/revisions"}],"wp:featuredmedia":[{"embeddable":true,"href":"https:\/\/portalpopmais.com.br\/en\/wp-json\/wp\/v2\/media\/283240"}],"wp:attachment":[{"href":"https:\/\/portalpopmais.com.br\/en\/wp-json\/wp\/v2\/media?parent=283239"}],"wp:term":[{"taxonomy":"category","embeddable":true,"href":"https:\/\/portalpopmais.com.br\/en\/wp-json\/wp\/v2\/categories?post=283239"},{"taxonomy":"post_tag","embeddable":true,"href":"https:\/\/portalpopmais.com.br\/en\/wp-json\/wp\/v2\/tags?post=283239"}],"curies":[{"name":"wp","href":"https:\/\/api.w.org\/{rel}","templated":true}]}}