{"id":283558,"date":"2026-01-17T10:27:56","date_gmt":"2026-01-17T13:27:56","guid":{"rendered":"https:\/\/portalpopmais.com.br\/?p=283558"},"modified":"2026-01-18T10:07:02","modified_gmt":"2026-01-18T13:07:02","slug":"quem-foi-erlan-bastos-jornalista-que-morreu-aos-32-anos","status":"publish","type":"post","link":"https:\/\/portalpopmais.com.br\/en\/quem-foi-erlan-bastos-jornalista-que-morreu-aos-32-anos\/","title":{"rendered":"Quem foi Erlan Bastos, jornalista que morreu aos 32 anos?"},"content":{"rendered":"<p class=\"wp-block-paragraph\">Morreu aos 32 anos o jornalista <strong><a href=\"https:\/\/portalpopmais.com.br\/en\/trends\/erlan-bastos\/\" data-type=\"post_tag\" data-id=\"2430\">Erlan Bastos<\/a><\/strong>, v\u00edtima de tuberculose peritoneal. O apresentador estava internado h\u00e1 v\u00e1rios dias no Instituto de Doen\u00e7as Tropicais Natan Portella, em Teresina, onde recebia cuidados m\u00e9dicos. O falecimento foi confirmado por familiares, que lamentaram a perda do profissional ainda jovem e com uma carreira em ascens\u00e3o.<\/p>\n\n\n\n<h3 class=\"wp-block-heading\">Da TV local ao reconhecimento nacional<\/h3>\n\n\n\n<p class=\"wp-block-paragraph\">Erlan Bastos ganhou notoriedade nacional por meio da TV Meio Norte, no Piau\u00ed. Foi na emissora local que o jornalista conquistou o p\u00fablico com seu estilo marcante e um formato de programa que rapidamente chamou aten\u00e7\u00e3o. O sucesso o levou a um novo desafio: o convite para comandar o <strong>Balan\u00e7o Geral<\/strong>, na TV Cidade, afiliada da RECORD em Fortaleza, no Cear\u00e1.<\/p>\n\n\n\n<p class=\"wp-block-paragraph\">A passagem pelo programa rendeu ainda mais visibilidade, consolidando Erlan como um nome em destaque no jornalismo popular e de entretenimento. Seu jeito direto, aliado ao olhar investigativo, fez com que ele se tornasse uma refer\u00eancia em cobertura de not\u00edcias e celebridades.<\/p>\n\n\n\n<h3 class=\"wp-block-heading\">A breve incurs\u00e3o na pol\u00edtica<\/h3>\n\n\n\n<p class=\"wp-block-paragraph\">Em 2022, Erlan Bastos decidiu concorrer ao cargo de deputado federal. A campanha, por\u00e9m, n\u00e3o resultou em vit\u00f3ria. Mesmo assim, o movimento foi importante para ampliar sua presen\u00e7a p\u00fablica e demonstrar uma faceta diferente do jornalista, agora tamb\u00e9m envolvido com quest\u00f5es sociais e pol\u00edticas.<\/p>\n\n\n\n<h3 class=\"wp-block-heading\">O retorno \u00e0 TV e o sucesso no digital<\/h3>\n\n\n\n<p class=\"wp-block-paragraph\">Ap\u00f3s a experi\u00eancia na pol\u00edtica, Erlan retornou \u00e0 televis\u00e3o e manteve, em paralelo, o site <strong>Em Off<\/strong>, voltado para cobertura nacional sobre a vida das celebridades. O portal se tornou uma refer\u00eancia para quem busca informa\u00e7\u00f5es sobre o universo art\u00edstico, com reportagens que ganharam repercuss\u00e3o em todo o pa\u00eds.<\/p>\n\n\n\n<p class=\"wp-block-paragraph\">Entre as mat\u00e9rias de maior destaque est\u00e3o a disputa pela heran\u00e7a do apresentador Gugu Liberato e a interna\u00e7\u00e3o do apresentador Faust\u00e3o, que mobilizou a imprensa e o p\u00fablico em um dos epis\u00f3dios mais comentados do entretenimento recente.<\/p>\n\n\n\n<h3 class=\"wp-block-heading\">O legado de Erlan Bastos<\/h3>\n\n\n\n<p class=\"wp-block-paragraph\">Erlan Bastos deixa um legado marcado pela ousadia e pela capacidade de transformar temas populares em pauta nacional. Com uma carreira curta, mas intensa, ele se consolidou como um profissional capaz de unir jornalismo e entretenimento, conquistando f\u00e3s e admiradores por todo o Brasil.<\/p>\n\n\n\n<p class=\"wp-block-paragraph\">A morte precoce interrompeu uma trajet\u00f3ria promissora, mas a lembran\u00e7a do jornalista segue viva na mem\u00f3ria de quem acompanhou seu trabalho e o impacto de suas reportagens.<\/p>","protected":false},"excerpt":{"rendered":"<p>Morreu aos 32 anos o jornalista Erlan Bastos, v\u00edtima de tuberculose peritoneal. O apresentador estava internado h\u00e1 v\u00e1rios dias no Instituto de Doen\u00e7as Tropicais Natan Portella, em Teresina, onde recebia cuidados m\u00e9dicos. O falecimento foi confirmado por familiares, que lamentaram a perda do profissional ainda jovem e com uma carreira em ascens\u00e3o. Da TV local [&hellip;]<\/p>\n","protected":false},"author":2,"featured_media":283559,"comment_status":"closed","ping_status":"closed","sticky":false,"template":"","format":"standard","meta":{"footnotes":""},"categories":[181],"tags":[2430],"class_list":["post-283558","post","type-post","status-publish","format-standard","has-post-thumbnail","hentry","category-televisao","tag-erlan-bastos"],"_links":{"self":[{"href":"https:\/\/portalpopmais.com.br\/en\/wp-json\/wp\/v2\/posts\/283558","targetHints":{"allow":["GET"]}}],"collection":[{"href":"https:\/\/portalpopmais.com.br\/en\/wp-json\/wp\/v2\/posts"}],"about":[{"href":"https:\/\/portalpopmais.com.br\/en\/wp-json\/wp\/v2\/types\/post"}],"author":[{"embeddable":true,"href":"https:\/\/portalpopmais.com.br\/en\/wp-json\/wp\/v2\/users\/2"}],"replies":[{"embeddable":true,"href":"https:\/\/portalpopmais.com.br\/en\/wp-json\/wp\/v2\/comments?post=283558"}],"version-history":[{"count":0,"href":"https:\/\/portalpopmais.com.br\/en\/wp-json\/wp\/v2\/posts\/283558\/revisions"}],"wp:featuredmedia":[{"embeddable":true,"href":"https:\/\/portalpopmais.com.br\/en\/wp-json\/wp\/v2\/media\/283559"}],"wp:attachment":[{"href":"https:\/\/portalpopmais.com.br\/en\/wp-json\/wp\/v2\/media?parent=283558"}],"wp:term":[{"taxonomy":"category","embeddable":true,"href":"https:\/\/portalpopmais.com.br\/en\/wp-json\/wp\/v2\/categories?post=283558"},{"taxonomy":"post_tag","embeddable":true,"href":"https:\/\/portalpopmais.com.br\/en\/wp-json\/wp\/v2\/tags?post=283558"}],"curies":[{"name":"wp","href":"https:\/\/api.w.org\/{rel}","templated":true}]}}