{"id":283887,"date":"2026-01-20T14:33:39","date_gmt":"2026-01-20T17:33:39","guid":{"rendered":"https:\/\/portalpopmais.com.br\/?p=283887"},"modified":"2026-01-20T14:33:43","modified_gmt":"2026-01-20T17:33:43","slug":"margareth-serrao-mae-de-virginia-fonseca-sofre-acidente-de-carro-em-goiania","status":"publish","type":"post","link":"https:\/\/portalpopmais.com.br\/en\/margareth-serrao-mae-de-virginia-fonseca-sofre-acidente-de-carro-em-goiania\/","title":{"rendered":"Margareth Serr\u00e3o, m\u00e3e de Virginia Fonseca, sofre acidente de carro em Goi\u00e2nia"},"content":{"rendered":"<p>Margareth Serr\u00e3o, m\u00e3e de Virginia Fonseca, se envolveu em um acidente de carro na manh\u00e3 desta ter\u00e7a-feira (20), em Goi\u00e2nia. A informa\u00e7\u00e3o chegou at\u00e9 a influenciadora durante uma transmiss\u00e3o ao vivo, surpreendendo a apresentadora de 26 anos enquanto conversava com os s\u00f3cios Samara Pink e Thiago Stabile.<\/p>\n\n\n\n<p>De acordo com relatos feitos durante a live, Margareth estava a caminho de uma consulta m\u00e9dica quando o acidente ocorreu, no km 495 da BR-153. O empres\u00e1rio explicou que o ve\u00edculo \u00e0 frente freou repentinamente, impedindo qualquer manobra para evitar a colis\u00e3o. \u201cO carro da frente parou, n\u00e3o deu tempo de desviar e acabou batendo. Ela sentiu dor por causa do cinto de seguran\u00e7a\u201d, afirmou.<\/p>\n\n\n\n<p>A assessoria de Margareth informou que ela passa bem e foi encaminhada a um hospital para a realiza\u00e7\u00e3o de exames de rotina. A medida tem como objetivo confirmar que n\u00e3o houve consequ\u00eancias mais graves em decorr\u00eancia do impacto. At\u00e9 o momento, n\u00e3o foram divulgados mais detalhes sobre o estado de sa\u00fade ou sobre as circunst\u00e2ncias completas do acidente.<\/p>\n\n\n\n<p><\/p>","protected":false},"excerpt":{"rendered":"<p>Margareth Serr\u00e3o, m\u00e3e de Virginia Fonseca, se envolveu em um acidente de carro na manh\u00e3 desta ter\u00e7a-feira (20), em Goi\u00e2nia. A informa\u00e7\u00e3o chegou at\u00e9 a influenciadora durante uma transmiss\u00e3o ao vivo, surpreendendo a apresentadora de 26 anos enquanto conversava com os s\u00f3cios Samara Pink e Thiago Stabile. De acordo com relatos feitos durante a live, [&hellip;]<\/p>\n","protected":false},"author":2,"featured_media":278875,"comment_status":"closed","ping_status":"closed","sticky":false,"template":"","format":"standard","meta":{"footnotes":""},"categories":[173],"tags":[13786],"class_list":["post-283887","post","type-post","status-publish","format-standard","has-post-thumbnail","hentry","category-celebridades","tag-virginia-2"],"_links":{"self":[{"href":"https:\/\/portalpopmais.com.br\/en\/wp-json\/wp\/v2\/posts\/283887","targetHints":{"allow":["GET"]}}],"collection":[{"href":"https:\/\/portalpopmais.com.br\/en\/wp-json\/wp\/v2\/posts"}],"about":[{"href":"https:\/\/portalpopmais.com.br\/en\/wp-json\/wp\/v2\/types\/post"}],"author":[{"embeddable":true,"href":"https:\/\/portalpopmais.com.br\/en\/wp-json\/wp\/v2\/users\/2"}],"replies":[{"embeddable":true,"href":"https:\/\/portalpopmais.com.br\/en\/wp-json\/wp\/v2\/comments?post=283887"}],"version-history":[{"count":0,"href":"https:\/\/portalpopmais.com.br\/en\/wp-json\/wp\/v2\/posts\/283887\/revisions"}],"wp:featuredmedia":[{"embeddable":true,"href":"https:\/\/portalpopmais.com.br\/en\/wp-json\/wp\/v2\/media\/278875"}],"wp:attachment":[{"href":"https:\/\/portalpopmais.com.br\/en\/wp-json\/wp\/v2\/media?parent=283887"}],"wp:term":[{"taxonomy":"category","embeddable":true,"href":"https:\/\/portalpopmais.com.br\/en\/wp-json\/wp\/v2\/categories?post=283887"},{"taxonomy":"post_tag","embeddable":true,"href":"https:\/\/portalpopmais.com.br\/en\/wp-json\/wp\/v2\/tags?post=283887"}],"curies":[{"name":"wp","href":"https:\/\/api.w.org\/{rel}","templated":true}]}}