{"id":284054,"date":"2026-01-22T09:10:56","date_gmt":"2026-01-22T12:10:56","guid":{"rendered":"https:\/\/portalpopmais.com.br\/?p=284054"},"modified":"2026-01-22T09:18:34","modified_gmt":"2026-01-22T12:18:34","slug":"rico-melquiades-revela-vicio-e-faz-desabafo-nas-redes-sociais-quero-me-libertar","status":"publish","type":"post","link":"https:\/\/portalpopmais.com.br\/en\/rico-melquiades-revela-vicio-e-faz-desabafo-nas-redes-sociais-quero-me-libertar\/","title":{"rendered":"Rico Melquiades revela v\u00edcio e faz desabafo nas redes sociais: &#8220;Quero me libertar&#8221;"},"content":{"rendered":"<p class=\"wp-block-paragraph\"><strong><a href=\"https:\/\/portalpopmais.com.br\/en\/trends\/rico-melquiades\/\" data-type=\"post_tag\" data-id=\"9213\">Rico Melquiades<\/a><\/strong>, campe\u00e3o de <em>A Fazenda 13<\/em>, usou as redes sociais nesta quarta-feira (21\/1) para fazer um desabafo pessoal e revelar que enfrenta um v\u00edcio em medicamentos. O influenciador digital contou que, no in\u00edcio, tratava o assunto com leveza, mas que hoje encara a situa\u00e7\u00e3o com seriedade e deseja se libertar da depend\u00eancia.<\/p>\n\n\n\n<p class=\"wp-block-paragraph\">Em seu relato, Rico afirmou que passou a sentir vergonha ao reconhecer o problema. \u201cQuero falar algo a voc\u00eas que no come\u00e7o achava engra\u00e7ado, mas hoje eu sinto vergonha. Eu tenho um grande v\u00edcio em rem\u00e9dios\u201d, declarou.<\/p>\n\n\n<div class=\"wp-block-image\">\n<figure class=\"aligncenter size-full\"><img loading=\"lazy\" decoding=\"async\" width=\"1024\" height=\"682\" src=\"https:\/\/portalpopmais.com.br\/wp-content\/uploads\/2021\/12\/Rico-Melquiades-1.jpg\" alt=\"Rico Melqu\u00edades\" class=\"wp-image-99603\" title=\"\"><figcaption class=\"wp-element-caption\">Foto: Divulga\u00e7\u00e3o<\/figcaption><\/figure>\n<\/div>\n\n\n<p class=\"wp-block-paragraph\">Segundo ele, o uso das medica\u00e7\u00f5es n\u00e3o come\u00e7ou por prazer, mas como uma tentativa de lidar com dores f\u00edsicas, acalmar a mente e conseguir dormir. Com o tempo, no entanto, o que parecia uma ajuda acabou se transformando em depend\u00eancia. \u201cEm algum momento, sem perceber, aquilo que era ajuda virou depend\u00eancia\u201d, desabafou.<\/p>\n\n\n\n<p class=\"wp-block-paragraph\">A declara\u00e7\u00e3o repercutiu entre seguidores, que demonstraram apoio ao influenciador e destacaram a import\u00e2ncia de falar abertamente sobre sa\u00fade mental e depend\u00eancia qu\u00edmica.<\/p>","protected":false},"excerpt":{"rendered":"<p>Rico Melquiades, campe\u00e3o de A Fazenda 13, usou as redes sociais nesta quarta-feira (21\/1) para fazer um desabafo pessoal e revelar que enfrenta um v\u00edcio em medicamentos. O influenciador digital contou que, no in\u00edcio, tratava o assunto com leveza, mas que hoje encara a situa\u00e7\u00e3o com seriedade e deseja se libertar da depend\u00eancia. Em seu [&hellip;]<\/p>\n","protected":false},"author":1,"featured_media":231991,"comment_status":"closed","ping_status":"closed","sticky":false,"template":"","format":"standard","meta":{"footnotes":""},"categories":[173],"tags":[10055],"class_list":["post-284054","post","type-post","status-publish","format-standard","has-post-thumbnail","hentry","category-celebridades","tag-rico-melquiades-2"],"_links":{"self":[{"href":"https:\/\/portalpopmais.com.br\/en\/wp-json\/wp\/v2\/posts\/284054","targetHints":{"allow":["GET"]}}],"collection":[{"href":"https:\/\/portalpopmais.com.br\/en\/wp-json\/wp\/v2\/posts"}],"about":[{"href":"https:\/\/portalpopmais.com.br\/en\/wp-json\/wp\/v2\/types\/post"}],"author":[{"embeddable":true,"href":"https:\/\/portalpopmais.com.br\/en\/wp-json\/wp\/v2\/users\/1"}],"replies":[{"embeddable":true,"href":"https:\/\/portalpopmais.com.br\/en\/wp-json\/wp\/v2\/comments?post=284054"}],"version-history":[{"count":0,"href":"https:\/\/portalpopmais.com.br\/en\/wp-json\/wp\/v2\/posts\/284054\/revisions"}],"wp:featuredmedia":[{"embeddable":true,"href":"https:\/\/portalpopmais.com.br\/en\/wp-json\/wp\/v2\/media\/231991"}],"wp:attachment":[{"href":"https:\/\/portalpopmais.com.br\/en\/wp-json\/wp\/v2\/media?parent=284054"}],"wp:term":[{"taxonomy":"category","embeddable":true,"href":"https:\/\/portalpopmais.com.br\/en\/wp-json\/wp\/v2\/categories?post=284054"},{"taxonomy":"post_tag","embeddable":true,"href":"https:\/\/portalpopmais.com.br\/en\/wp-json\/wp\/v2\/tags?post=284054"}],"curies":[{"name":"wp","href":"https:\/\/api.w.org\/{rel}","templated":true}]}}