{"id":284121,"date":"2026-01-22T12:45:30","date_gmt":"2026-01-22T15:45:30","guid":{"rendered":"https:\/\/portalpopmais.com.br\/?p=284121"},"modified":"2026-01-22T12:46:20","modified_gmt":"2026-01-22T15:46:20","slug":"kleber-mendonca-filho-compara-forca-do-cinema-brasileiro-a-selecao-em-boa-fase","status":"publish","type":"post","link":"https:\/\/portalpopmais.com.br\/en\/kleber-mendonca-filho-compara-forca-do-cinema-brasileiro-a-selecao-em-boa-fase\/","title":{"rendered":"Kleber Mendon\u00e7a Filho compara for\u00e7a do cinema brasileiro \u00e0 Sele\u00e7\u00e3o em boa fase"},"content":{"rendered":"<p class=\"wp-block-paragraph\">O diretor <strong><a href=\"https:\/\/portalpopmais.com.br\/en\/trends\/kleber-mendonca-filho\/\" data-type=\"post_tag\" data-id=\"19068\">Kleber Mendon\u00e7a Filho<\/a><\/strong>, de 57 anos, comentou o reconhecimento internacional do filme <em>O Agente Secreto<\/em>, indicado ao Oscar, e destacou a import\u00e2ncia de o cinema nacional ser, antes de tudo, consumido e valorizado pelo p\u00fablico brasileiro.<\/p>\n\n\n\n<p class=\"wp-block-paragraph\">Em entrevista recente, o cineasta afirmou que o sucesso do longa desperta no p\u00fablico um sentimento semelhante ao orgulho vivido em grandes momentos do esporte nacional. \u201cEu acho incr\u00edvel o Brasil, os brasileiros e brasileiras terem orgulho de um produto cultural que \u00e9 brasileiro e que est\u00e1 tendo aceita\u00e7\u00e3o internacional. O p\u00fablico brasileiro v\u00ea no cinema um pouco do que eu senti vendo a Sele\u00e7\u00e3o numa boa fase\u201d, declarou.<\/p>\n\n\n\n<p class=\"wp-block-paragraph\">Kleber comemorou ainda o desempenho do filme no pa\u00eds, classificando <em>O Agente Secreto<\/em> como um \u201cblockbuster brasileiro\u201d. \u201cFico muito feliz de ver o filme se transformando num arrasa-quarteir\u00e3o no Brasil\u201d, afirmou durante visita \u00e0 BBC.<\/p>\n\n\n\n<p class=\"wp-block-paragraph\">Segundo o diretor, garantir espa\u00e7o para o cinema nacional em um mercado dominado por Hollywood \u00e9 um desafio global. \u201cN\u00e3o \u00e9 um problema s\u00f3 do cinema brasileiro, mas tamb\u00e9m do franc\u00eas, do alem\u00e3o, do canadense, do cinema do mundo inteiro\u201d, ressaltou.<\/p>\n\n\n\n<p class=\"wp-block-paragraph\">O impacto cultural do longa tamb\u00e9m se reflete fora das salas de cinema. Kleber destacou a presen\u00e7a do filme no Carnaval de Olinda, por meio do tradicional bloco Pitombeira dos Quatro Cantos. No filme, o ator Wagner Moura usa uma camisa hist\u00f3rica do bloco, cuja venda, segundo o diretor, ajudou a financiar n\u00e3o apenas o Carnaval deste ano, mas tamb\u00e9m o do pr\u00f3ximo. \u201cO filme est\u00e1 se desdobrando de v\u00e1rias maneiras, e isso \u00e9 muito especial\u201d, disse.<\/p>\n\n\n\n<p class=\"wp-block-paragraph\">A mobiliza\u00e7\u00e3o dos brasileiros nas redes sociais tamb\u00e9m chamou aten\u00e7\u00e3o do cineasta e da distribuidora internacional do filme. \u201c\u00c9 lindo ver o p\u00fablico brasileiro mandando tanta energia e se fazendo presente na internet\u201d, afirmou. De acordo com ele, a distribuidora americana Neon ficou impressionada com a for\u00e7a do apoio digital do Brasil ao longa.<\/p>\n\n\n\n<p class=\"wp-block-paragraph\">Com or\u00e7amento aproximado de 28 milh\u00f5es de reais, <em>O Agente Secreto<\/em> foi financiado por recursos nacionais e internacionais, incluindo coprodu\u00e7\u00f5es estrangeiras, investimento privado e verbas do Fundo Setorial do Audiovisual. As cr\u00edticas ao uso de recursos p\u00fablicos foram rebatidas por Mendon\u00e7a Filho, que classificou esse tipo de posicionamento como \u201cuma vis\u00e3o atrasada\u201d. Para ele, investir em cultura \u00e9 t\u00e3o estrat\u00e9gico quanto investir em educa\u00e7\u00e3o e sa\u00fade.<\/p>\n\n\n\n<p class=\"wp-block-paragraph\">O diretor lembrou ainda que o Brasil produz pouco mais de 100 filmes por ano, a maioria com incentivo p\u00fablico, e citou pa\u00edses como Coreia do Sul, Fran\u00e7a, Alemanha, Canad\u00e1 e M\u00e9xico como exemplos de na\u00e7\u00f5es que apostam fortemente em sua produ\u00e7\u00e3o cultural.<\/p>\n\n\n\n<p class=\"wp-block-paragraph\">O longa j\u00e1 acumula 56 pr\u00eamios em 36 festivais e premia\u00e7\u00f5es, incluindo os Globos de Ouro. Um dos epis\u00f3dios mais comentados foi a entrega do pr\u00eamio de Melhor Filme Internacional no Critics Choice Awards 2026 fora do palco principal, no tapete vermelho. Kleber criticou a forma como a premia\u00e7\u00e3o foi conduzida, apontando um tratamento desrespeitoso ao cinema estrangeiro.<\/p>\n\n\n\n<p class=\"wp-block-paragraph\">Dias depois, Kleber Mendon\u00e7a Filho e Wagner Moura anunciaram juntos o pr\u00eamio de Melhor Filme em outro evento, aproveitando a ocasi\u00e3o para enviar um recado elegante em defesa do cinema internacional, atitude que foi bem recebida pelo p\u00fablico e pela ind\u00fastria.<\/p>","protected":false},"excerpt":{"rendered":"<p>O diretor Kleber Mendon\u00e7a Filho, de 57 anos, comentou o reconhecimento internacional do filme O Agente Secreto, indicado ao Oscar, e destacou a import\u00e2ncia de o cinema nacional ser, antes de tudo, consumido e valorizado pelo p\u00fablico brasileiro. Em entrevista recente, o cineasta afirmou que o sucesso do longa desperta no p\u00fablico um sentimento semelhante [&hellip;]<\/p>\n","protected":false},"author":2,"featured_media":264147,"comment_status":"closed","ping_status":"closed","sticky":false,"template":"","format":"standard","meta":{"footnotes":""},"categories":[173],"tags":[19068],"class_list":["post-284121","post","type-post","status-publish","format-standard","has-post-thumbnail","hentry","category-celebridades","tag-kleber-mendonca-filho"],"_links":{"self":[{"href":"https:\/\/portalpopmais.com.br\/en\/wp-json\/wp\/v2\/posts\/284121","targetHints":{"allow":["GET"]}}],"collection":[{"href":"https:\/\/portalpopmais.com.br\/en\/wp-json\/wp\/v2\/posts"}],"about":[{"href":"https:\/\/portalpopmais.com.br\/en\/wp-json\/wp\/v2\/types\/post"}],"author":[{"embeddable":true,"href":"https:\/\/portalpopmais.com.br\/en\/wp-json\/wp\/v2\/users\/2"}],"replies":[{"embeddable":true,"href":"https:\/\/portalpopmais.com.br\/en\/wp-json\/wp\/v2\/comments?post=284121"}],"version-history":[{"count":0,"href":"https:\/\/portalpopmais.com.br\/en\/wp-json\/wp\/v2\/posts\/284121\/revisions"}],"wp:featuredmedia":[{"embeddable":true,"href":"https:\/\/portalpopmais.com.br\/en\/wp-json\/wp\/v2\/media\/264147"}],"wp:attachment":[{"href":"https:\/\/portalpopmais.com.br\/en\/wp-json\/wp\/v2\/media?parent=284121"}],"wp:term":[{"taxonomy":"category","embeddable":true,"href":"https:\/\/portalpopmais.com.br\/en\/wp-json\/wp\/v2\/categories?post=284121"},{"taxonomy":"post_tag","embeddable":true,"href":"https:\/\/portalpopmais.com.br\/en\/wp-json\/wp\/v2\/tags?post=284121"}],"curies":[{"name":"wp","href":"https:\/\/api.w.org\/{rel}","templated":true}]}}