{"id":285619,"date":"2026-02-03T11:37:48","date_gmt":"2026-02-03T14:37:48","guid":{"rendered":"https:\/\/portalpopmais.com.br\/?p=285619"},"modified":"2026-02-03T11:37:51","modified_gmt":"2026-02-03T14:37:51","slug":"entenda-o-caso-judicial-envolvendo-livia-andrade-e-o-empresario-marcos-araujo","status":"publish","type":"post","link":"https:\/\/portalpopmais.com.br\/en\/entenda-o-caso-judicial-envolvendo-livia-andrade-e-o-empresario-marcos-araujo\/","title":{"rendered":"Entenda o caso judicial envolvendo L\u00edvia Andrade e o empres\u00e1rio Marcos Ara\u00fajo"},"content":{"rendered":"<p>A disputa judicial entre a apresentadora <strong>L\u00edvia Andrade<\/strong> e o empres\u00e1rio <strong>Marcos Ara\u00fajo<\/strong> ganhou novos desdobramentos ap\u00f3s a <a href=\"https:\/\/portalpopmais.com.br\/en\/livia-andrade-solicita-medida-protetiva-e-acusa-ex-de-perseguicao-e-abuso\/\">Justi\u00e7a conceder uma medida protetiva em favor da artista<\/a>. A decis\u00e3o ocorreu depois do registro de um boletim de ocorr\u00eancia no qual L\u00edvia relata uma s\u00e9rie de epis\u00f3dios que teriam acontecido ap\u00f3s o fim do casamento, oficializado em agosto do ano passado.<\/p>\n\n\n\n<p>Segundo o relato apresentado \u00e0s autoridades, a separa\u00e7\u00e3o teria ocorrido inicialmente de forma amig\u00e1vel, sem conflitos aparentes. Durante o relacionamento, de acordo com a apresentadora, n\u00e3o havia hist\u00f3rico de comportamento agressivo. Por esse motivo, o ex-casal decidiu permanecer no mesmo im\u00f3vel, ocupando quartos separados, enquanto tratava de quest\u00f5es relacionadas \u00e0 divis\u00e3o de bens. Esse acordo, no entanto, teria se tornado insustent\u00e1vel cerca de um m\u00eas depois.<\/p>\n\n\n\n<h3 class=\"wp-block-heading\">Vigil\u00e2ncia, patrim\u00f4nio e den\u00fancias<\/h3>\n\n\n\n<p>Com o passar do tempo, L\u00edvia Andrade afirma ter come\u00e7ado a se sentir intimidada dentro da pr\u00f3pria casa. Entre os epis\u00f3dios narrados est\u00e3o a presen\u00e7a constante de seguran\u00e7as armados circulando pelo im\u00f3vel, sem explica\u00e7\u00f5es claras, e a sensa\u00e7\u00e3o de estar sendo vigiada. A apresentadora tamb\u00e9m relatou desconfian\u00e7as em rela\u00e7\u00e3o ao pr\u00f3prio motorista, ao perceber que o ex-marido demonstrava saber detalhes precisos de sua rotina.<\/p>\n\n\n\n<p>No campo patrimonial, o boletim de ocorr\u00eancia menciona restri\u00e7\u00f5es ao uso de bens, impedimento de acesso a im\u00f3veis e dificuldades profissionais relacionadas a um hotel localizado em Santa Catarina. Al\u00e9m disso, L\u00edvia afirma que cerca de R$ 5 milh\u00f5es teriam sido retirados de sua conta banc\u00e1ria sem autoriza\u00e7\u00e3o.<\/p>\n\n\n\n<p>O documento tamb\u00e9m inclui uma acusa\u00e7\u00e3o grave de tentativa de abuso sexual, que teria ocorrido durante a madrugada. Segundo o relato, o epis\u00f3dio agravou o estado emocional da apresentadora e foi determinante para que ela buscasse prote\u00e7\u00e3o judicial.<\/p>\n\n\n\n<h3 class=\"wp-block-heading\">Medida protetiva e posicionamento da defesa<\/h3>\n\n\n\n<p>Diante do conjunto de den\u00fancias, a Justi\u00e7a concedeu uma medida protetiva em car\u00e1ter de urg\u00eancia. A decis\u00e3o determinou que Marcos Ara\u00fajo deixasse o im\u00f3vel e mantivesse uma dist\u00e2ncia m\u00ednima de 300 metros da apresentadora.<\/p>\n\n\n\n<p>A defesa do empres\u00e1rio, representada pelo advogado <strong>Luiz Fl\u00e1vio Borges D\u2019Urso<\/strong>, confirmou o cumprimento da decis\u00e3o judicial, mas afirmou que os relatos ocorreram em um contexto de forte carga emocional. Segundo o advogado, \u201ca emo\u00e7\u00e3o fala mais do que a raz\u00e3o\u201d.<\/p>\n\n\n\n<p>O caso tamb\u00e9m reacendeu discuss\u00f5es nas redes sociais ao resgatar disputas p\u00fablicas anteriores envolvendo <strong>P\u00e9tala Barreiros<\/strong>, o que refor\u00e7a a complexidade e o hist\u00f3rico de conflitos j\u00e1 associados ao empres\u00e1rio. A Justi\u00e7a segue acompanhando o caso, que permanece em andamento.<\/p>","protected":false},"excerpt":{"rendered":"<p>A disputa judicial entre a apresentadora L\u00edvia Andrade e o empres\u00e1rio Marcos Ara\u00fajo ganhou novos desdobramentos ap\u00f3s a Justi\u00e7a conceder uma medida protetiva em favor da artista. A decis\u00e3o ocorreu depois do registro de um boletim de ocorr\u00eancia no qual L\u00edvia relata uma s\u00e9rie de epis\u00f3dios que teriam acontecido ap\u00f3s o fim do casamento, oficializado [&hellip;]<\/p>\n","protected":false},"author":2,"featured_media":285620,"comment_status":"closed","ping_status":"closed","sticky":false,"template":"","format":"standard","meta":{"footnotes":""},"categories":[1],"tags":[2290],"class_list":["post-285619","post","type-post","status-publish","format-standard","has-post-thumbnail","hentry","category-fire2","tag-livia-andrade"],"_links":{"self":[{"href":"https:\/\/portalpopmais.com.br\/en\/wp-json\/wp\/v2\/posts\/285619","targetHints":{"allow":["GET"]}}],"collection":[{"href":"https:\/\/portalpopmais.com.br\/en\/wp-json\/wp\/v2\/posts"}],"about":[{"href":"https:\/\/portalpopmais.com.br\/en\/wp-json\/wp\/v2\/types\/post"}],"author":[{"embeddable":true,"href":"https:\/\/portalpopmais.com.br\/en\/wp-json\/wp\/v2\/users\/2"}],"replies":[{"embeddable":true,"href":"https:\/\/portalpopmais.com.br\/en\/wp-json\/wp\/v2\/comments?post=285619"}],"version-history":[{"count":0,"href":"https:\/\/portalpopmais.com.br\/en\/wp-json\/wp\/v2\/posts\/285619\/revisions"}],"wp:featuredmedia":[{"embeddable":true,"href":"https:\/\/portalpopmais.com.br\/en\/wp-json\/wp\/v2\/media\/285620"}],"wp:attachment":[{"href":"https:\/\/portalpopmais.com.br\/en\/wp-json\/wp\/v2\/media?parent=285619"}],"wp:term":[{"taxonomy":"category","embeddable":true,"href":"https:\/\/portalpopmais.com.br\/en\/wp-json\/wp\/v2\/categories?post=285619"},{"taxonomy":"post_tag","embeddable":true,"href":"https:\/\/portalpopmais.com.br\/en\/wp-json\/wp\/v2\/tags?post=285619"}],"curies":[{"name":"wp","href":"https:\/\/api.w.org\/{rel}","templated":true}]}}