{"id":285696,"date":"2026-02-04T07:06:36","date_gmt":"2026-02-04T10:06:36","guid":{"rendered":"https:\/\/portalpopmais.com.br\/?p=285696"},"modified":"2026-02-04T07:06:41","modified_gmt":"2026-02-04T10:06:41","slug":"galisteu-nega-boato-sobre-termino-com-senna-e-possivel-reconciliacao-com-xuxa","status":"publish","type":"post","link":"https:\/\/portalpopmais.com.br\/en\/galisteu-nega-boato-sobre-termino-com-senna-e-possivel-reconciliacao-com-xuxa\/","title":{"rendered":"Galisteu nega boato sobre t\u00e9rmino com Senna e poss\u00edvel reconcilia\u00e7\u00e3o com Xuxa"},"content":{"rendered":"<p class=\"wp-block-paragraph\">A apresentadora <strong><a href=\"https:\/\/portalpopmais.com.br\/en\/trends\/adriane-galisteu\/\" data-type=\"post_tag\" data-id=\"8712\">Adriane Galisteu<\/a><\/strong> voltou a comentar antigos rumores envolvendo seu relacionamento com <strong>Ayrton Senna<\/strong> ap\u00f3s o lan\u00e7amento da s\u00e9rie <em>Meu Ayrton<\/em>, da HBO Max, disponibilizada na \u00faltima quinta-feira (6). Em um dos epis\u00f3dios, Galisteu rebate a especula\u00e7\u00e3o de que o piloto pretendia encerrar o namoro com ela para reatar com Xuxa Meneghel, com quem havia se relacionado anteriormente.<\/p>\n\n\n\n<p class=\"wp-block-paragraph\">Segundo Adriane, as vers\u00f5es que circulam n\u00e3o condizem com o que ela viveu ao lado do tricampe\u00e3o mundial. \u201cA minha verdade \u00e9 a que vivi e contei no livro e no document\u00e1rio. Qualquer coisa al\u00e9m disso eu n\u00e3o vivi e n\u00e3o tenho como afirmar\u201d, declarou.<\/p>\n\n\n\n<p class=\"wp-block-paragraph\">A apresentadora tamb\u00e9m relembrou os \u00faltimos contatos com Senna antes do acidente fatal em \u00cdmola, em 1994. De acordo com ela, o tempo entre a \u00faltima liga\u00e7\u00e3o telef\u00f4nica e a entrada do piloto no box n\u00e3o permitiria qualquer outra conversa. \u201cFalei com ele ao telefone e o vi entrando no box logo em seguida. N\u00e3o haveria tempo para falar com outra pessoa\u201d, afirmou.<\/p>\n\n\n<div class=\"wp-block-image\">\n<figure class=\"aligncenter size-large\"><img loading=\"lazy\" decoding=\"async\" width=\"1170\" height=\"694\" src=\"https:\/\/portalpopmais.com.br\/wp-content\/uploads\/2025\/10\/Serie-de-Adriane-Galisteu-sobre-namoro-com-Ayrton-Senna-ganha-data-de-estreia-1170x694.webp\" alt=\"S\u00e9rie de Adriane Galisteu sobre namoro com Ayrton Senna ganha data de estreia\" class=\"wp-image-269790\" title=\"\" srcset=\"https:\/\/portalpopmais.com.br\/wp-content\/uploads\/2025\/10\/Serie-de-Adriane-Galisteu-sobre-namoro-com-Ayrton-Senna-ganha-data-de-estreia-1170x694.webp 1170w, https:\/\/portalpopmais.com.br\/wp-content\/uploads\/2025\/10\/Serie-de-Adriane-Galisteu-sobre-namoro-com-Ayrton-Senna-ganha-data-de-estreia-768x456.webp 768w, https:\/\/portalpopmais.com.br\/wp-content\/uploads\/2025\/10\/Serie-de-Adriane-Galisteu-sobre-namoro-com-Ayrton-Senna-ganha-data-de-estreia-18x10.webp 18w\" sizes=\"auto, (max-width: 1170px) 100vw, 1170px\" \/><figcaption class=\"wp-element-caption\">Foto: Reprodu\u00e7\u00e3o<\/figcaption><\/figure>\n<\/div>\n\n\n<h3 class=\"wp-block-heading\">Planos e lembran\u00e7as do casal<\/h3>\n\n\n\n<p class=\"wp-block-paragraph\">Galisteu destacou ainda que, embora o casal n\u00e3o tivesse discutido formalmente casamento ou filhos, o relacionamento era s\u00f3lido. \u201cEle dizia que sonhava em ser pai. Nosso namoro era t\u00e3o bom que eu n\u00e3o enxergava um fim. Era uma rela\u00e7\u00e3o muito honesta\u201d, contou.<\/p>\n\n\n\n<p class=\"wp-block-paragraph\">Por fim, a apresentadora ressaltou a cumplicidade entre os dois e afirmou que Senna era seu confidente. \u201cEle sabia tudo o que acontecia na minha vida. Est\u00e1vamos muito bem, mas \u00e9 verdade que nunca sentamos para planejar o futuro\u201d, concluiu, afirmando que suas declara\u00e7\u00f5es encerram as especula\u00e7\u00f5es sobre um poss\u00edvel t\u00e9rmino entre eles.<\/p>","protected":false},"excerpt":{"rendered":"<p>A apresentadora Adriane Galisteu voltou a comentar antigos rumores envolvendo seu relacionamento com Ayrton Senna ap\u00f3s o lan\u00e7amento da s\u00e9rie Meu Ayrton, da HBO Max, disponibilizada na \u00faltima quinta-feira (6). Em um dos epis\u00f3dios, Galisteu rebate a especula\u00e7\u00e3o de que o piloto pretendia encerrar o namoro com ela para reatar com Xuxa Meneghel, com quem [&hellip;]<\/p>\n","protected":false},"author":2,"featured_media":285697,"comment_status":"closed","ping_status":"closed","sticky":false,"template":"","format":"standard","meta":{"footnotes":""},"categories":[173],"tags":[8712,18550],"class_list":["post-285696","post","type-post","status-publish","format-standard","has-post-thumbnail","hentry","category-celebridades","tag-adriane-galisteu","tag-destaque"],"_links":{"self":[{"href":"https:\/\/portalpopmais.com.br\/en\/wp-json\/wp\/v2\/posts\/285696","targetHints":{"allow":["GET"]}}],"collection":[{"href":"https:\/\/portalpopmais.com.br\/en\/wp-json\/wp\/v2\/posts"}],"about":[{"href":"https:\/\/portalpopmais.com.br\/en\/wp-json\/wp\/v2\/types\/post"}],"author":[{"embeddable":true,"href":"https:\/\/portalpopmais.com.br\/en\/wp-json\/wp\/v2\/users\/2"}],"replies":[{"embeddable":true,"href":"https:\/\/portalpopmais.com.br\/en\/wp-json\/wp\/v2\/comments?post=285696"}],"version-history":[{"count":0,"href":"https:\/\/portalpopmais.com.br\/en\/wp-json\/wp\/v2\/posts\/285696\/revisions"}],"wp:featuredmedia":[{"embeddable":true,"href":"https:\/\/portalpopmais.com.br\/en\/wp-json\/wp\/v2\/media\/285697"}],"wp:attachment":[{"href":"https:\/\/portalpopmais.com.br\/en\/wp-json\/wp\/v2\/media?parent=285696"}],"wp:term":[{"taxonomy":"category","embeddable":true,"href":"https:\/\/portalpopmais.com.br\/en\/wp-json\/wp\/v2\/categories?post=285696"},{"taxonomy":"post_tag","embeddable":true,"href":"https:\/\/portalpopmais.com.br\/en\/wp-json\/wp\/v2\/tags?post=285696"}],"curies":[{"name":"wp","href":"https:\/\/api.w.org\/{rel}","templated":true}]}}