{"id":286070,"date":"2026-02-06T14:44:46","date_gmt":"2026-02-06T17:44:46","guid":{"rendered":"https:\/\/portalpopmais.com.br\/?p=286070"},"modified":"2026-02-06T14:44:48","modified_gmt":"2026-02-06T17:44:48","slug":"neymar-expoe-chateacao-com-amigo-famoso-que-esqueceu-seu-aniversario-e-manda-recado-veja-video","status":"publish","type":"post","link":"https:\/\/portalpopmais.com.br\/en\/neymar-expoe-chateacao-com-amigo-famoso-que-esqueceu-seu-aniversario-e-manda-recado-veja-video\/","title":{"rendered":"Neymar exp\u00f5e chatea\u00e7\u00e3o com amigo famoso que esqueceu seu anivers\u00e1rio e manda recado; veja v\u00eddeo"},"content":{"rendered":"<p>O atacante <strong>Neymar Jr.<\/strong> usou as redes sociais para fazer uma cobran\u00e7a p\u00fablica \u2014 em tom de brincadeira \u2014 a um amigo pr\u00f3ximo que esqueceu de parabeniz\u00e1-lo por seu anivers\u00e1rio.<\/p>\n\n\n\n<p>Na \u00faltima sexta-feira (6), o jogador publicou uma mensagem nos stories do Instagram agradecendo as felicita\u00e7\u00f5es recebidas pelo seu anivers\u00e1rio, comemorado em <strong>5 de fevereiro<\/strong>, quando completou <strong>34 anos<\/strong>. No entanto, aproveitou o momento para chamar a aten\u00e7\u00e3o do apresentador Marcos Mion, que n\u00e3o teria lembrado da data.<\/p>\n\n\n\n<p>Segundo Neymar, o epis\u00f3dio lembrou uma situa\u00e7\u00e3o recente envolvendo um cantor sertanejo que tamb\u00e9m reclamou publicamente por ter sido esquecido no anivers\u00e1rio. O atacante contou que mant\u00e9m uma rela\u00e7\u00e3o pr\u00f3xima com o amigo, que costuma procur\u00e1-lo com frequ\u00eancia para pedir camisas e ingressos, mas acabou n\u00e3o registrando a data especial.<\/p>\n\n\n\n<p>De forma bem-humorada, Neymar ironizou o esquecimento e disse que a situa\u00e7\u00e3o j\u00e1 estaria virando algo recorrente. Ele ainda brincou ao sugerir que poderia tatuar o pr\u00f3prio nome e a data de nascimento no pesco\u00e7o para evitar novas falhas no futuro.<\/p>\n\n\n\n<p>A publica\u00e7\u00e3o repercutiu rapidamente nas redes sociais e divertiu os f\u00e3s, que destacaram o tom leve da cobran\u00e7a e a rela\u00e7\u00e3o descontra\u00edda mantida pelo jogador com seus amigos fora dos gramados.<\/p>\n\n\n\n<figure class=\"wp-block-embed is-type-rich is-provider-twitter wp-block-embed-twitter\"><div class=\"wp-block-embed__wrapper\">\n<blockquote class=\"twitter-tweet\" data-width=\"550\" data-dnt=\"true\"><p lang=\"pt\" dir=\"ltr\">Neymar exp\u00f5e chatea\u00e7\u00e3o e manda recado direto para Marcos Mion <a href=\"https:\/\/t.co\/afh5sdM0b7\">pic.twitter.com\/afh5sdM0b7<\/a><\/p>&mdash; POP Mais (@sitepopmais) <a href=\"https:\/\/twitter.com\/sitepopmais\/status\/2019828795113697281?ref_src=twsrc%5Etfw\" target=\"_blank\" rel=\"noopener\">February 6, 2026<\/a><\/blockquote><script async src=\"https:\/\/platform.twitter.com\/widgets.js\" charset=\"utf-8\"><\/script>\n<\/div><\/figure>","protected":false},"excerpt":{"rendered":"<p>O atacante Neymar Jr. usou as redes sociais para fazer uma cobran\u00e7a p\u00fablica \u2014 em tom de brincadeira \u2014 a um amigo pr\u00f3ximo que esqueceu de parabeniz\u00e1-lo por seu anivers\u00e1rio. Na \u00faltima sexta-feira (6), o jogador publicou uma mensagem nos stories do Instagram agradecendo as felicita\u00e7\u00f5es recebidas pelo seu anivers\u00e1rio, comemorado em 5 de fevereiro, [&hellip;]<\/p>\n","protected":false},"author":2,"featured_media":286071,"comment_status":"closed","ping_status":"closed","sticky":false,"template":"","format":"standard","meta":{"footnotes":""},"categories":[173],"tags":[18550,728],"class_list":["post-286070","post","type-post","status-publish","format-standard","has-post-thumbnail","hentry","category-celebridades","tag-destaque","tag-neymar"],"_links":{"self":[{"href":"https:\/\/portalpopmais.com.br\/en\/wp-json\/wp\/v2\/posts\/286070","targetHints":{"allow":["GET"]}}],"collection":[{"href":"https:\/\/portalpopmais.com.br\/en\/wp-json\/wp\/v2\/posts"}],"about":[{"href":"https:\/\/portalpopmais.com.br\/en\/wp-json\/wp\/v2\/types\/post"}],"author":[{"embeddable":true,"href":"https:\/\/portalpopmais.com.br\/en\/wp-json\/wp\/v2\/users\/2"}],"replies":[{"embeddable":true,"href":"https:\/\/portalpopmais.com.br\/en\/wp-json\/wp\/v2\/comments?post=286070"}],"version-history":[{"count":0,"href":"https:\/\/portalpopmais.com.br\/en\/wp-json\/wp\/v2\/posts\/286070\/revisions"}],"wp:featuredmedia":[{"embeddable":true,"href":"https:\/\/portalpopmais.com.br\/en\/wp-json\/wp\/v2\/media\/286071"}],"wp:attachment":[{"href":"https:\/\/portalpopmais.com.br\/en\/wp-json\/wp\/v2\/media?parent=286070"}],"wp:term":[{"taxonomy":"category","embeddable":true,"href":"https:\/\/portalpopmais.com.br\/en\/wp-json\/wp\/v2\/categories?post=286070"},{"taxonomy":"post_tag","embeddable":true,"href":"https:\/\/portalpopmais.com.br\/en\/wp-json\/wp\/v2\/tags?post=286070"}],"curies":[{"name":"wp","href":"https:\/\/api.w.org\/{rel}","templated":true}]}}