{"id":286094,"date":"2026-02-06T15:30:31","date_gmt":"2026-02-06T18:30:31","guid":{"rendered":"https:\/\/portalpopmais.com.br\/?p=286094"},"modified":"2026-02-06T15:30:50","modified_gmt":"2026-02-06T18:30:50","slug":"tata-werneck-brinca-sobre-renovacao-de-votos-apos-viralizar-por-se-casar-sentada-no-sofa-de-casa","status":"publish","type":"post","link":"https:\/\/portalpopmais.com.br\/en\/tata-werneck-brinca-sobre-renovacao-de-votos-apos-viralizar-por-se-casar-sentada-no-sofa-de-casa\/","title":{"rendered":"Tata Werneck brinca sobre renova\u00e7\u00e3o de votos ap\u00f3s viralizar por se casar &#8216;sentada no sof\u00e1 de casa&#8217;"},"content":{"rendered":"<p class=\"wp-block-paragraph\">A atriz e apresentadora <strong><a href=\"https:\/\/portalpopmais.com.br\/en\/trends\/tata-werneck-2\/\" data-type=\"post_tag\" data-id=\"13194\">Tata Werneck<\/a><\/strong>, de 42 anos, revelou que pretende celebrar novamente o amor ao lado do marido, <strong>Rafael Vitti<\/strong>, de 30. A declara\u00e7\u00e3o foi feita nesta sexta-feira (6), ap\u00f3s uma p\u00e1gina no Instagram relembrar que o casal oficializou a uni\u00e3o de forma simples, assinando os documentos no sof\u00e1 de casa.<\/p>\n\n\n\n<p class=\"wp-block-paragraph\">Com seu humor caracter\u00edstico, Tata comentou sobre os planos para a nova comemora\u00e7\u00e3o. \u201cMas a renova\u00e7\u00e3o de votos quero fazer numa poltrona maior\u201d, brincou a apresentadora, arrancando risadas dos seguidores.<\/p>\n\n\n<div class=\"wp-block-image\">\n<figure class=\"aligncenter size-large\"><img loading=\"lazy\" decoding=\"async\" width=\"1000\" height=\"694\" src=\"https:\/\/portalpopmais.com.br\/wp-content\/uploads\/2026\/02\/image-72-1000x694.png\" alt=\"\" class=\"wp-image-286096\" title=\"\"><figcaption class=\"wp-element-caption\">Coment\u00e1rio de Tata Werneck \u2014 Foto: Reprodu\u00e7\u00e3o\/ Instagram<\/figcaption><\/figure>\n<\/div>\n\n\n<p class=\"wp-block-paragraph\">O casamento aconteceu na reta final da gravidez de Clara Maria, hoje com 6 anos. Na ocasi\u00e3o, a cerim\u00f4nia contou apenas com a presen\u00e7a do humorista <strong>Gabriel Louchard<\/strong> e de sua esposa, Natalia Paes, como testemunhas. Os noivos usavam roupas casuais, refor\u00e7ando o clima \u00edntimo e descontra\u00eddo do momento.<\/p>\n\n\n\n<p class=\"wp-block-paragraph\">Em 2021, Tata j\u00e1 havia comentado sobre a data do casamento nas redes sociais, afirmando que s\u00f3 se lembrou dos dois anos de uni\u00e3o porque os f\u00e3s fizeram publica\u00e7\u00f5es comemorativas. \u201cO que esperar de uma noiva que casou no sof\u00e1 e com a roupa que veio da rua porque ficou com pregui\u00e7a de trocar?\u201d, escreveu ela na \u00e9poca, no X.<\/p>","protected":false},"excerpt":{"rendered":"<p>Apresentadora relembra casamento simples com Rafael Vitti e brinca sobre planos de uma nova celebra\u00e7\u00e3o do amor.<\/p>","protected":false},"author":2,"featured_media":286095,"comment_status":"closed","ping_status":"closed","sticky":false,"template":"","format":"standard","meta":{"footnotes":""},"categories":[173],"tags":[18550,18855,13194],"class_list":["post-286094","post","type-post","status-publish","format-standard","has-post-thumbnail","hentry","category-celebridades","tag-destaque","tag-rafael-vitti","tag-tata-werneck-2"],"_links":{"self":[{"href":"https:\/\/portalpopmais.com.br\/en\/wp-json\/wp\/v2\/posts\/286094","targetHints":{"allow":["GET"]}}],"collection":[{"href":"https:\/\/portalpopmais.com.br\/en\/wp-json\/wp\/v2\/posts"}],"about":[{"href":"https:\/\/portalpopmais.com.br\/en\/wp-json\/wp\/v2\/types\/post"}],"author":[{"embeddable":true,"href":"https:\/\/portalpopmais.com.br\/en\/wp-json\/wp\/v2\/users\/2"}],"replies":[{"embeddable":true,"href":"https:\/\/portalpopmais.com.br\/en\/wp-json\/wp\/v2\/comments?post=286094"}],"version-history":[{"count":0,"href":"https:\/\/portalpopmais.com.br\/en\/wp-json\/wp\/v2\/posts\/286094\/revisions"}],"wp:featuredmedia":[{"embeddable":true,"href":"https:\/\/portalpopmais.com.br\/en\/wp-json\/wp\/v2\/media\/286095"}],"wp:attachment":[{"href":"https:\/\/portalpopmais.com.br\/en\/wp-json\/wp\/v2\/media?parent=286094"}],"wp:term":[{"taxonomy":"category","embeddable":true,"href":"https:\/\/portalpopmais.com.br\/en\/wp-json\/wp\/v2\/categories?post=286094"},{"taxonomy":"post_tag","embeddable":true,"href":"https:\/\/portalpopmais.com.br\/en\/wp-json\/wp\/v2\/tags?post=286094"}],"curies":[{"name":"wp","href":"https:\/\/api.w.org\/{rel}","templated":true}]}}