{"id":286678,"date":"2026-02-10T16:22:57","date_gmt":"2026-02-10T19:22:57","guid":{"rendered":"https:\/\/portalpopmais.com.br\/?p=286678"},"modified":"2026-02-10T16:22:59","modified_gmt":"2026-02-10T19:22:59","slug":"ansel-elgort-confirma-paternidade","status":"publish","type":"post","link":"https:\/\/portalpopmais.com.br\/en\/ansel-elgort-confirma-paternidade\/","title":{"rendered":"Ator de &#8216;A Culpa \u00e9 das Estrelas&#8217; confirma que se tornou pai e emociona f\u00e3s: \u201cQueria manter s\u00f3 para n\u00f3s\u201d"},"content":{"rendered":"<p>O ator <strong><a href=\"https:\/\/portalpopmais.com.br\/en\/trends\/ansel-elgort\/\" data-type=\"post_tag\" data-id=\"1490\">Ansel Elgort<\/a><\/strong>, conhecido mundialmente por protagonizar o filme <strong>A Culpa \u00e9 das Estrelas<\/strong> e o musical <strong>West Side Story<\/strong>, confirmou nesta ter\u00e7a-feira (10) que se tornou pai pela primeira vez. Aos 31 anos, o astro de Hollywood compartilhou uma foto ao lado do beb\u00ea nas redes sociais e fez um relato emocionante sobre a experi\u00eancia da paternidade.<\/p>\n\n\n\n<h2 class=\"wp-block-heading\">Ansel Elgort fala sobre paternidade pela primeira vez<\/h2>\n\n\n\n<p>Na legenda da publica\u00e7\u00e3o no Instagram, Ansel abriu o cora\u00e7\u00e3o ao falar sobre a nova fase da vida e revelou que, inicialmente, pretendia manter o nascimento em sigilo.<\/p>\n\n\n\n<p>\u201cA paternidade \u00e9 emocionante, exaustiva, \u00e9 tudo e muito mais. O presente parece mais presente e o futuro mais brilhante. Ele nos acorda a noite toda e, ainda assim, nunca me senti t\u00e3o forte durante o dia\u201d, escreveu o ator.<\/p>\n\n\n\n<p>Ele ainda completou: \u201cEu queria manter isso sagrado, s\u00f3 para n\u00f3s, mas agora quero compartilhar essa hist\u00f3ria com voc\u00eas, pois \u00e9 a coisa mais brilhante e feliz que j\u00e1 vivi.\u201d<\/p>\n\n\n\n<p>A declara\u00e7\u00e3o rapidamente viralizou e gerou uma onda de mensagens carinhosas de f\u00e3s ao redor do mundo.<\/p>\n\n\n<div class=\"wp-block-image\">\n<figure class=\"aligncenter size-full\"><img loading=\"lazy\" decoding=\"async\" width=\"1000\" height=\"726\" src=\"https:\/\/portalpopmais.com.br\/wp-content\/uploads\/2026\/02\/image-130.png\" alt=\"\" class=\"wp-image-286679\" title=\"\" srcset=\"https:\/\/portalpopmais.com.br\/wp-content\/uploads\/2026\/02\/image-130.png 1000w, https:\/\/portalpopmais.com.br\/wp-content\/uploads\/2026\/02\/image-130-768x558.png 768w, https:\/\/portalpopmais.com.br\/wp-content\/uploads\/2026\/02\/image-130-18x12.png 18w\" sizes=\"auto, (max-width: 1000px) 100vw, 1000px\" \/><figcaption class=\"wp-element-caption\">Ansel Elgort agora \u00e9 pai \u2014 Foto: Reprodu\u00e7\u00e3o\/Instagram<br><\/figcaption><\/figure>\n<\/div>\n\n\n<h2 class=\"wp-block-heading\">Rumores come\u00e7aram em janeiro<\/h2>\n\n\n\n<p>As especula\u00e7\u00f5es sobre a paternidade de Ansel Elgort surgiram no m\u00eas passado, quando o ator foi flagrado caminhando pelas ruas de Nova York, no dia 13 de janeiro, carregando um rec\u00e9m-nascido.<\/p>\n\n\n\n<p>Na ocasi\u00e3o, ve\u00edculos internacionais como <strong>People<\/strong> e <strong>Daily Mail<\/strong> noticiaram que fontes pr\u00f3ximas teriam confirmado que o artista estava com o pr\u00f3prio filho ou filha. Apesar disso, a equipe do ator n\u00e3o comentou o assunto naquele momento.<\/p>\n\n\n\n<p>At\u00e9 agora, detalhes como o nome, sexo da crian\u00e7a e identidade da m\u00e3e n\u00e3o foram divulgados oficialmente. Quando foi visto com o beb\u00ea, Ansel estava acompanhado de uma mulher, mas n\u00e3o h\u00e1 confirma\u00e7\u00e3o p\u00fablica sobre o relacionamento.<\/p>\n\n\n\n<h2 class=\"wp-block-heading\">F\u00e3s reagem \u00e0 novidade<\/h2>\n\n\n\n<p>Ap\u00f3s a confirma\u00e7\u00e3o, seguidores celebraram a not\u00edcia nos coment\u00e1rios da publica\u00e7\u00e3o. Muitos lembraram o papel marcante do ator em \u201cA Culpa \u00e9 das Estrelas\u201d e se emocionaram ao ver o astro vivendo um novo cap\u00edtulo pessoal.<\/p>\n\n\n\n<p>Com a confirma\u00e7\u00e3o, Ansel Elgort passa a integrar o grupo de celebridades que optaram por preservar a gesta\u00e7\u00e3o e o nascimento longe dos holofotes \u2014 estrat\u00e9gia cada vez mais comum entre artistas internacionais.<\/p>","protected":false},"excerpt":{"rendered":"<p>O ator Ansel Elgort, conhecido mundialmente por protagonizar o filme A Culpa \u00e9 das Estrelas e o musical West Side Story, confirmou nesta ter\u00e7a-feira (10) que se tornou pai pela primeira vez. Aos 31 anos, o astro de Hollywood compartilhou uma foto ao lado do beb\u00ea nas redes sociais e fez um relato emocionante sobre [&hellip;]<\/p>\n","protected":false},"author":2,"featured_media":286680,"comment_status":"closed","ping_status":"closed","sticky":false,"template":"","format":"standard","meta":{"footnotes":""},"categories":[173],"tags":[1490],"class_list":["post-286678","post","type-post","status-publish","format-standard","has-post-thumbnail","hentry","category-celebridades","tag-ansel-elgort"],"_links":{"self":[{"href":"https:\/\/portalpopmais.com.br\/en\/wp-json\/wp\/v2\/posts\/286678","targetHints":{"allow":["GET"]}}],"collection":[{"href":"https:\/\/portalpopmais.com.br\/en\/wp-json\/wp\/v2\/posts"}],"about":[{"href":"https:\/\/portalpopmais.com.br\/en\/wp-json\/wp\/v2\/types\/post"}],"author":[{"embeddable":true,"href":"https:\/\/portalpopmais.com.br\/en\/wp-json\/wp\/v2\/users\/2"}],"replies":[{"embeddable":true,"href":"https:\/\/portalpopmais.com.br\/en\/wp-json\/wp\/v2\/comments?post=286678"}],"version-history":[{"count":0,"href":"https:\/\/portalpopmais.com.br\/en\/wp-json\/wp\/v2\/posts\/286678\/revisions"}],"wp:featuredmedia":[{"embeddable":true,"href":"https:\/\/portalpopmais.com.br\/en\/wp-json\/wp\/v2\/media\/286680"}],"wp:attachment":[{"href":"https:\/\/portalpopmais.com.br\/en\/wp-json\/wp\/v2\/media?parent=286678"}],"wp:term":[{"taxonomy":"category","embeddable":true,"href":"https:\/\/portalpopmais.com.br\/en\/wp-json\/wp\/v2\/categories?post=286678"},{"taxonomy":"post_tag","embeddable":true,"href":"https:\/\/portalpopmais.com.br\/en\/wp-json\/wp\/v2\/tags?post=286678"}],"curies":[{"name":"wp","href":"https:\/\/api.w.org\/{rel}","templated":true}]}}