{"id":286820,"date":"2026-02-11T16:34:46","date_gmt":"2026-02-11T19:34:46","guid":{"rendered":"https:\/\/portalpopmais.com.br\/?p=286820"},"modified":"2026-02-11T17:40:11","modified_gmt":"2026-02-11T20:40:11","slug":"morre-james-van-der-beek","status":"publish","type":"post","link":"https:\/\/portalpopmais.com.br\/en\/morre-james-van-der-beek\/","title":{"rendered":"Morre James Van Der Beek, astro de &#8220;Dawson\u2019s Creek&#8221;, aos 48 anos"},"content":{"rendered":"<p>Morreu, nesta quarta-feira (11), o ator <a href=\"https:\/\/portalpopmais.com.br\/en\/trends\/james-van-der-beek\/\" data-type=\"post_tag\" data-id=\"16977\">James Van Der Beek<\/a>, conhecido mundialmente por interpretar Dawson Leery na ic\u00f4nica s\u00e9rie <em>Dawson\u2019s Creek<\/em>. Ele tinha 48 anos e faleceu ap\u00f3s uma longa batalha contra um c\u00e2ncer de c\u00f3lon. A informa\u00e7\u00e3o foi divulgada pelo site <a href=\"http:\/\/tmz.com\" target=\"_blank\" rel=\"noopener\">TMZ<\/a>.<\/p>\n\n\n\n<p class=\"has-text-align-center\"><strong>Veja tamb\u00e9m:<\/strong> <a href=\"https:\/\/portalpopmais.com.br\/en\/familia-afirma-que-james-van-der-beek-morreu-em-paz-fe-e-serenidade\/\">Fam\u00edlia afirma que James Van Der Beek morreu em paz<\/a><strong><br><\/strong><br><\/p>\n\n\n<div class=\"wp-block-image\">\n<figure class=\"aligncenter size-large\"><img loading=\"lazy\" decoding=\"async\" width=\"1170\" height=\"694\" src=\"https:\/\/portalpopmais.com.br\/wp-content\/uploads\/2025\/09\/James-Van-Der-Beek-Dawsons-Creek-Reunion-092225-e2ebc2fb6cbd45fca3ae56a3caa9f8ab-1170x694.jpg\" alt=\"\" class=\"wp-image-266869\" title=\"\" srcset=\"https:\/\/portalpopmais.com.br\/wp-content\/uploads\/2025\/09\/James-Van-Der-Beek-Dawsons-Creek-Reunion-092225-e2ebc2fb6cbd45fca3ae56a3caa9f8ab-1170x694.jpg 1170w, https:\/\/portalpopmais.com.br\/wp-content\/uploads\/2025\/09\/James-Van-Der-Beek-Dawsons-Creek-Reunion-092225-e2ebc2fb6cbd45fca3ae56a3caa9f8ab-768x456.jpg 768w, https:\/\/portalpopmais.com.br\/wp-content\/uploads\/2025\/09\/James-Van-Der-Beek-Dawsons-Creek-Reunion-092225-e2ebc2fb6cbd45fca3ae56a3caa9f8ab-18x12.jpg 18w\" sizes=\"auto, (max-width: 1170px) 100vw, 1170px\" \/><figcaption class=\"wp-element-caption\">James Van Der Beek em setembro de 2025 &#8211; Foto: Reprodu\u00e7\u00e3o <\/figcaption><\/figure>\n<\/div>\n\n\n<h3 class=\"wp-block-heading\">Carreira<\/h3>\n\n\n\n<p>Van Der Beek ganhou proje\u00e7\u00e3o internacional no fim dos anos 1990 ao protagonizar a s\u00e9rie <strong>Dawson&#8217;s Creek<\/strong>, fen\u00f4meno da cultura pop que acompanhava os dilemas amorosos e existenciais de um grupo de amigos. O papel o transformou em um dos rostos mais reconhecidos da TV da \u00e9poca e o consolidou como \u00eddolo teen.<\/p>\n\n\n\n<p>No cinema, tamb\u00e9m se destacou em produ\u00e7\u00f5es como <strong>Varsity Blues<\/strong>, drama esportivo que se tornou cult entre o p\u00fablico jovem. Ao longo dos anos, participou de diversas s\u00e9ries e projetos independentes, mostrando versatilidade ao transitar entre o drama e a com\u00e9dia \u2014 inclusive fazendo vers\u00f5es bem-humoradas de si mesmo na televis\u00e3o.<\/p>\n\n\n\n<p>Al\u00e9m da carreira art\u00edstica, Van Der Beek era conhecido por compartilhar nas redes sociais reflex\u00f5es sobre fam\u00edlia, espiritualidade e paternidade, temas que passaram a ocupar espa\u00e7o central em sua vida nos \u00faltimos anos.<\/p>\n\n\n\n<figure class=\"wp-block-embed is-type-wp-embed is-provider-portal-pop-mais wp-block-embed-portal-pop-mais\"><div class=\"wp-block-embed__wrapper\">\n<blockquote class=\"wp-embedded-content\" data-secret=\"nB7B3x1FSh\"><a href=\"https:\/\/portalpopmais.com.br\/en\/em-ultima-aparicao-james-van-der-beek-apareceu-debilitado-veja-video\/\">Em \u00faltima apari\u00e7\u00e3o, James Van Der Beek estava debilitado; veja v\u00eddeo<\/a><\/blockquote><iframe loading=\"lazy\" class=\"wp-embedded-content\" sandbox=\"allow-scripts\" security=\"restricted\" style=\"position: absolute; visibility: hidden;\" title=\"&#8220;Em \u00faltima apari\u00e7\u00e3o, James Van Der Beek estava debilitado; veja v\u00eddeo&#8221; &#8212; Portal POP Mais\" src=\"https:\/\/portalpopmais.com.br\/em-ultima-aparicao-james-van-der-beek-apareceu-debilitado-veja-video\/embed\/#?secret=anA0zsrblN#?secret=nB7B3x1FSh\" data-secret=\"nB7B3x1FSh\" width=\"600\" height=\"338\" frameborder=\"0\" marginwidth=\"0\" marginheight=\"0\" scrolling=\"no\"><\/iframe>\n<\/div><\/figure>","protected":false},"excerpt":{"rendered":"<p>Morreu, nesta quarta-feira (11), o ator James Van Der Beek, conhecido mundialmente por interpretar Dawson Leery na ic\u00f4nica s\u00e9rie Dawson\u2019s Creek. Ele tinha 48 anos e faleceu ap\u00f3s uma longa batalha contra um c\u00e2ncer de c\u00f3lon. A informa\u00e7\u00e3o foi divulgada pelo site TMZ. Veja tamb\u00e9m: Fam\u00edlia afirma que James Van Der Beek morreu em paz [&hellip;]<\/p>\n","protected":false},"author":1,"featured_media":286825,"comment_status":"closed","ping_status":"closed","sticky":false,"template":"","format":"standard","meta":{"footnotes":""},"categories":[173],"tags":[18550,16977],"class_list":["post-286820","post","type-post","status-publish","format-standard","has-post-thumbnail","hentry","category-celebridades","tag-destaque","tag-james-van-der-beek"],"_links":{"self":[{"href":"https:\/\/portalpopmais.com.br\/en\/wp-json\/wp\/v2\/posts\/286820","targetHints":{"allow":["GET"]}}],"collection":[{"href":"https:\/\/portalpopmais.com.br\/en\/wp-json\/wp\/v2\/posts"}],"about":[{"href":"https:\/\/portalpopmais.com.br\/en\/wp-json\/wp\/v2\/types\/post"}],"author":[{"embeddable":true,"href":"https:\/\/portalpopmais.com.br\/en\/wp-json\/wp\/v2\/users\/1"}],"replies":[{"embeddable":true,"href":"https:\/\/portalpopmais.com.br\/en\/wp-json\/wp\/v2\/comments?post=286820"}],"version-history":[{"count":0,"href":"https:\/\/portalpopmais.com.br\/en\/wp-json\/wp\/v2\/posts\/286820\/revisions"}],"wp:featuredmedia":[{"embeddable":true,"href":"https:\/\/portalpopmais.com.br\/en\/wp-json\/wp\/v2\/media\/286825"}],"wp:attachment":[{"href":"https:\/\/portalpopmais.com.br\/en\/wp-json\/wp\/v2\/media?parent=286820"}],"wp:term":[{"taxonomy":"category","embeddable":true,"href":"https:\/\/portalpopmais.com.br\/en\/wp-json\/wp\/v2\/categories?post=286820"},{"taxonomy":"post_tag","embeddable":true,"href":"https:\/\/portalpopmais.com.br\/en\/wp-json\/wp\/v2\/tags?post=286820"}],"curies":[{"name":"wp","href":"https:\/\/api.w.org\/{rel}","templated":true}]}}