{"id":286878,"date":"2026-02-12T06:49:49","date_gmt":"2026-02-12T09:49:49","guid":{"rendered":"https:\/\/portalpopmais.com.br\/?p=286878"},"modified":"2026-02-12T06:49:51","modified_gmt":"2026-02-12T09:49:51","slug":"virginia-fonseca-revela-possivel-trabalho-como-reporter-na-globo","status":"publish","type":"post","link":"https:\/\/portalpopmais.com.br\/en\/virginia-fonseca-revela-possivel-trabalho-como-reporter-na-globo\/","title":{"rendered":"Virginia Fonseca revela poss\u00edvel trabalho como rep\u00f3rter na Globo"},"content":{"rendered":"<p>A influenciadora <a href=\"https:\/\/portalpopmais.com.br\/en\/trends\/virginia-fonseca\/\" data-type=\"post_tag\" data-id=\"7653\">Virginia Fonseca<\/a> marcou presen\u00e7a nos Est\u00fadios Globo, em Curicica, Zona Oeste do Rio de Janeiro, na tarde desta quarta-feira (11), para participar das grava\u00e7\u00f5es do programa <strong>Doming\u00e3o com Huck<\/strong>. Ela esteve acompanhada da <strong>Acad\u00eamicos do Grande Rio<\/strong>, escola de samba da qual \u00e9 rainha de bateria.<\/p>\n\n\n\n<p>Nos bastidores da atra\u00e7\u00e3o comandada por <strong>Luciano Huck<\/strong>, Virginia comentou sobre a possibilidade de assumir um novo desafio profissional na emissora: atuar como rep\u00f3rter durante a pr\u00f3xima Copa do Mundo, que ser\u00e1 realizada nos Estados Unidos.<\/p>\n\n\n<div class=\"wp-block-image\">\n<figure class=\"aligncenter size-full\"><img loading=\"lazy\" decoding=\"async\" width=\"1599\" height=\"899\" src=\"https:\/\/portalpopmais.com.br\/wp-content\/uploads\/2026\/02\/IMG-20260212-WA0002.jpg\" alt=\"\" class=\"wp-image-286879\" title=\"\" srcset=\"https:\/\/portalpopmais.com.br\/wp-content\/uploads\/2026\/02\/IMG-20260212-WA0002.jpg 1599w, https:\/\/portalpopmais.com.br\/wp-content\/uploads\/2026\/02\/IMG-20260212-WA0002-768x432.jpg 768w, https:\/\/portalpopmais.com.br\/wp-content\/uploads\/2026\/02\/IMG-20260212-WA0002-1536x864.jpg 1536w, https:\/\/portalpopmais.com.br\/wp-content\/uploads\/2026\/02\/IMG-20260212-WA0002-18x10.jpg 18w, https:\/\/portalpopmais.com.br\/wp-content\/uploads\/2026\/02\/IMG-20260212-WA0002-1024x576.jpg 1024w, https:\/\/portalpopmais.com.br\/wp-content\/uploads\/2026\/02\/IMG-20260212-WA0002-600x337.jpg 600w\" sizes=\"auto, (max-width: 1599px) 100vw, 1599px\" \/><figcaption class=\"wp-element-caption\">Virg\u00ednia revela poss\u00edvel trabalho na Globo &#8211; Foto: Reprodu\u00e7\u00e3o\/ redes sociais <\/figcaption><\/figure>\n<\/div>\n\n\n<h3 class=\"wp-block-heading\">Sugest\u00e3o p\u00fablica e conversa nos bastidores<\/h3>\n\n\n\n<p>A ideia de ver Virginia como rep\u00f3rter surgiu ap\u00f3s uma sugest\u00e3o feita publicamente pelo jornalista <strong>Leo Dias<\/strong>. Questionada sobre o assunto, a influenciadora n\u00e3o descartou a possibilidade e fez mist\u00e9rio ao falar sobre uma conversa com Luciano Huck.<\/p>\n\n\n\n<p>\u201cEu acho que ele viu (a entrevista). N\u00e3o sei, n\u00e3o sei e n\u00e3o sei (se ele me convidou). Eu acho que ele deu uma olhada, ele viu o que o Leo falou, sim. Trocamos uma ideia, vamos ver. Eu acho que sempre tem essa possibilidade, n\u00e9? Sempre que uma oportunidade chega a\u00ed na porta, eu abra\u00e7o. Ent\u00e3o, tem essa possibilidade, sim\u201d, declarou em entrevista ao portal LeoDias.<\/p>\n\n\n\n<p>Apesar de n\u00e3o confirmar oficialmente nenhum convite, Virginia deixou claro que est\u00e1 aberta a novos desafios na televis\u00e3o, ampliando sua atua\u00e7\u00e3o para al\u00e9m das redes sociais.<\/p>\n\n\n\n<h3 class=\"wp-block-heading\">Prepara\u00e7\u00e3o para acompanhar Vin\u00edcius J\u00fanior<\/h3>\n\n\n\n<p>A influenciadora tamb\u00e9m falou sobre os preparativos para acompanhar o namorado, Vin\u00edcius J\u00fanior, durante o per\u00edodo da Copa. Segundo ela, a viagem aos Estados Unidos deve durar cerca de 40 a 45 dias \u2014 o que motivou uma dedica\u00e7\u00e3o maior \u00e0s aulas de ingl\u00eas.<\/p>\n\n\n\n<p>\u201c\u00c9 por causa da Copa, com certeza. Porque v\u00e3o ser a\u00ed 45 dias l\u00e1 nos Estados Unidos, ent\u00e3o tem que saber pelo menos falar o m\u00ednimo, para n\u00e3o ficar passando raiva\u201d, contou, em tom bem-humorado. \u201cEu sempre passo muita raiva quando eu viajo para todos os lugares e n\u00e3o sei falar a l\u00edngua. Ent\u00e3o 40 dias nos Estados Unidos eu vou precisar desenrolar no ingl\u00eas.\u201d<\/p>\n\n\n\n<p>Virginia revelou ainda que as filhas, Maria Alice e Maria Flor, tamb\u00e9m devem retomar as aulas do idioma e podem acompanh\u00e1-la em parte da temporada fora do Brasil.<\/p>\n\n\n\n<p>\u201cElas v\u00e3o! N\u00e3o sei se os 40 dias, mas eu vou querer levar elas alguns dias sim. Se coincidir com f\u00e9rias e tal, e se o Z\u00e9 Felipe liberar, elas v\u00e3o comigo\u201d, explicou.<\/p>\n\n\n\n<p>Enquanto o poss\u00edvel novo projeto na Globo segue indefinido, Virginia demonstra estar pronta para abra\u00e7ar novas oportunidades \u2014 seja na televis\u00e3o, seja nos bastidores da maior competi\u00e7\u00e3o de futebol do mundo.<\/p>","protected":false},"excerpt":{"rendered":"<p>A influenciadora Virginia Fonseca marcou presen\u00e7a nos Est\u00fadios Globo, em Curicica, Zona Oeste do Rio de Janeiro, na tarde desta quarta-feira (11), para participar das grava\u00e7\u00f5es do programa Doming\u00e3o com Huck. Ela esteve acompanhada da Acad\u00eamicos do Grande Rio, escola de samba da qual \u00e9 rainha de bateria. Nos bastidores da atra\u00e7\u00e3o comandada por Luciano [&hellip;]<\/p>\n","protected":false},"author":2,"featured_media":272465,"comment_status":"closed","ping_status":"closed","sticky":false,"template":"","format":"standard","meta":{"footnotes":""},"categories":[173],"tags":[8632],"class_list":["post-286878","post","type-post","status-publish","format-standard","has-post-thumbnail","hentry","category-celebridades","tag-virginia-fonseca-2"],"_links":{"self":[{"href":"https:\/\/portalpopmais.com.br\/en\/wp-json\/wp\/v2\/posts\/286878","targetHints":{"allow":["GET"]}}],"collection":[{"href":"https:\/\/portalpopmais.com.br\/en\/wp-json\/wp\/v2\/posts"}],"about":[{"href":"https:\/\/portalpopmais.com.br\/en\/wp-json\/wp\/v2\/types\/post"}],"author":[{"embeddable":true,"href":"https:\/\/portalpopmais.com.br\/en\/wp-json\/wp\/v2\/users\/2"}],"replies":[{"embeddable":true,"href":"https:\/\/portalpopmais.com.br\/en\/wp-json\/wp\/v2\/comments?post=286878"}],"version-history":[{"count":0,"href":"https:\/\/portalpopmais.com.br\/en\/wp-json\/wp\/v2\/posts\/286878\/revisions"}],"wp:featuredmedia":[{"embeddable":true,"href":"https:\/\/portalpopmais.com.br\/en\/wp-json\/wp\/v2\/media\/272465"}],"wp:attachment":[{"href":"https:\/\/portalpopmais.com.br\/en\/wp-json\/wp\/v2\/media?parent=286878"}],"wp:term":[{"taxonomy":"category","embeddable":true,"href":"https:\/\/portalpopmais.com.br\/en\/wp-json\/wp\/v2\/categories?post=286878"},{"taxonomy":"post_tag","embeddable":true,"href":"https:\/\/portalpopmais.com.br\/en\/wp-json\/wp\/v2\/tags?post=286878"}],"curies":[{"name":"wp","href":"https:\/\/api.w.org\/{rel}","templated":true}]}}