{"id":286909,"date":"2026-02-12T08:56:59","date_gmt":"2026-02-12T11:56:59","guid":{"rendered":"https:\/\/portalpopmais.com.br\/?p=286909"},"modified":"2026-02-12T08:57:02","modified_gmt":"2026-02-12T11:57:02","slug":"lexa-relata-queda-de-cabelo-apos-uso-de-caneta-emagrecedora-e-diz-que-precisou-de-tratamento","status":"publish","type":"post","link":"https:\/\/portalpopmais.com.br\/en\/lexa-relata-queda-de-cabelo-apos-uso-de-caneta-emagrecedora-e-diz-que-precisou-de-tratamento\/","title":{"rendered":"Lexa relata queda de cabelo ap\u00f3s uso de caneta emagrecedora e diz que precisou de tratamento"},"content":{"rendered":"<p>A cantora <strong><a href=\"https:\/\/www.instagram.com\/lexa\/?hl=pt-br\" target=\"_blank\" rel=\"noopener\">Lexa<\/a><\/strong>, de 30 anos, revelou que enfrentou um efeito colateral ap\u00f3s utilizar a <a href=\"https:\/\/www.r7.com\/tudo-sobre\/caneta-emagrecedora\/\" target=\"_blank\" rel=\"noopener\">caneta emagrecedora<\/a> Monjauro. O relato foi feito na quarta-feira (11), por meio da p\u00e1gina @gossipdodia, no Instagram. Segundo a artista, mesmo utilizando a menor dosagem recomendada, percebeu queda capilar significativa.<\/p>\n\n\n\n<p>\u201c<strong>Tomei uma \u00fanica vez 1 ml. Minha frente do cabelo caiu (risos). Fiz tratamento para voltarem ao normal os priminhos da frente. Monjauro \u00e9 mara, mas n\u00e3o \u00e9 para todo mundo. Nunca mais tomei<\/strong>\u201d, contou.<\/p>\n\n\n\n<p>De acordo com <a href=\"https:\/\/portalpopmais.com.br\/en\/trends\/lexa\/\">Lexa<\/a>, o problema ocorreu logo ap\u00f3s a aplica\u00e7\u00e3o, o que a levou a buscar tratamento para recuperar os fios na parte frontal do couro cabeludo. A cantora afirmou ainda que n\u00e3o voltou a usar o medicamento.<\/p>\n\n\n<div class=\"wp-block-image\">\n<figure class=\"aligncenter size-full\"><img loading=\"lazy\" decoding=\"async\" width=\"1000\" height=\"1364\" src=\"https:\/\/portalpopmais.com.br\/wp-content\/uploads\/2026\/02\/image-153.png\" alt=\"\" class=\"wp-image-286910\" title=\"\" srcset=\"https:\/\/portalpopmais.com.br\/wp-content\/uploads\/2026\/02\/image-153.png 1000w, https:\/\/portalpopmais.com.br\/wp-content\/uploads\/2026\/02\/image-153-768x1048.png 768w, https:\/\/portalpopmais.com.br\/wp-content\/uploads\/2026\/02\/image-153-9x12.png 9w\" sizes=\"auto, (max-width: 1000px) 100vw, 1000px\" \/><figcaption class=\"wp-element-caption\">Lexa relata experi\u00eancia com Monjauro \u2014 Foto: Reprodu\u00e7\u00e3o | Instagram<br><br><\/figcaption><\/figure>\n<\/div>\n\n\n<h3 class=\"wp-block-heading\">Canetas emagrecedoras podem causar queda de cabelo?<\/h3>\n\n\n\n<p>A Sociedade Brasileira de Dermatologia \u2013 Regional S\u00e3o Paulo (SBD-RESP) esclarece que a queda de cabelo n\u00e3o \u00e9 considerada um efeito colateral direto das canetas emagrecedoras. No entanto, pode ocorrer de forma indireta.<\/p>\n\n\n\n<p>Segundo o dermatologista Gabriel Lazzeri Cortez, o uso dessas subst\u00e2ncias pode levar a uma perda de peso r\u00e1pida, favorecendo defici\u00eancias nutricionais. \u201cEssas defici\u00eancias e a perda de peso acelerada podem desencadear condi\u00e7\u00f5es como o efl\u00favio tel\u00f3geno, que \u00e9 uma queda tempor\u00e1ria de cabelo\u201d, explica.<\/p>\n\n\n\n<p>A presidente da SBD-RESP, a dermatologista Jade Cury, refor\u00e7a que as principais car\u00eancias nutricionais associadas ao quadro envolvem prote\u00ednas, ferro, zinco e vitaminas \u2014 nutrientes essenciais para a forma\u00e7\u00e3o e manuten\u00e7\u00e3o dos fios.<\/p>\n\n\n\n<p>Especialistas destacam que qualquer tratamento para emagrecimento deve ser realizado com acompanhamento m\u00e9dico, a fim de evitar efeitos adversos e garantir a sa\u00fade geral do paciente.<\/p>","protected":false},"excerpt":{"rendered":"<p>A cantora Lexa, de 30 anos, revelou que enfrentou um efeito colateral ap\u00f3s utilizar a caneta emagrecedora Monjauro. O relato foi feito na quarta-feira (11), por meio da p\u00e1gina @gossipdodia, no Instagram. Segundo a artista, mesmo utilizando a menor dosagem recomendada, percebeu queda capilar significativa. \u201cTomei uma \u00fanica vez 1 ml. Minha frente do cabelo [&hellip;]<\/p>\n","protected":false},"author":2,"featured_media":286911,"comment_status":"closed","ping_status":"closed","sticky":false,"template":"","format":"standard","meta":{"footnotes":""},"categories":[173],"tags":[702],"class_list":["post-286909","post","type-post","status-publish","format-standard","has-post-thumbnail","hentry","category-celebridades","tag-lexa"],"_links":{"self":[{"href":"https:\/\/portalpopmais.com.br\/en\/wp-json\/wp\/v2\/posts\/286909","targetHints":{"allow":["GET"]}}],"collection":[{"href":"https:\/\/portalpopmais.com.br\/en\/wp-json\/wp\/v2\/posts"}],"about":[{"href":"https:\/\/portalpopmais.com.br\/en\/wp-json\/wp\/v2\/types\/post"}],"author":[{"embeddable":true,"href":"https:\/\/portalpopmais.com.br\/en\/wp-json\/wp\/v2\/users\/2"}],"replies":[{"embeddable":true,"href":"https:\/\/portalpopmais.com.br\/en\/wp-json\/wp\/v2\/comments?post=286909"}],"version-history":[{"count":0,"href":"https:\/\/portalpopmais.com.br\/en\/wp-json\/wp\/v2\/posts\/286909\/revisions"}],"wp:featuredmedia":[{"embeddable":true,"href":"https:\/\/portalpopmais.com.br\/en\/wp-json\/wp\/v2\/media\/286911"}],"wp:attachment":[{"href":"https:\/\/portalpopmais.com.br\/en\/wp-json\/wp\/v2\/media?parent=286909"}],"wp:term":[{"taxonomy":"category","embeddable":true,"href":"https:\/\/portalpopmais.com.br\/en\/wp-json\/wp\/v2\/categories?post=286909"},{"taxonomy":"post_tag","embeddable":true,"href":"https:\/\/portalpopmais.com.br\/en\/wp-json\/wp\/v2\/tags?post=286909"}],"curies":[{"name":"wp","href":"https:\/\/api.w.org\/{rel}","templated":true}]}}